{"id":103804,"date":"2025-05-07T12:46:35","date_gmt":"2025-05-07T15:46:35","guid":{"rendered":"https:\/\/tvc16.com\/portal\/?p=103804"},"modified":"2025-05-07T12:46:35","modified_gmt":"2025-05-07T15:46:35","slug":"rio-retomou-vacinacao-atualizada-contra-covid-19-na-quarta-feira-07","status":"publish","type":"post","link":"https:\/\/tvc16.com\/portal\/2025\/05\/07\/rio-retomou-vacinacao-atualizada-contra-covid-19-na-quarta-feira-07\/","title":{"rendered":"Rio retomou vacina\u00e7\u00e3o atualizada contra covid-19 na quarta-feira (07)"},"content":{"rendered":"\n<p><strong>A Secretaria Municipal de Sa\u00fade do Rio de Janeiro (SMS-RJ) retomou na quarta-feira (7) a vacina\u00e7\u00e3o atualizada contra a covid-19 que protege contra a cepa JN.1. A secretaria recebeu 20.700 doses. O primeiro grupo a ser vacinado \u00e9 de idosos que vivem em institui\u00e7\u00f5es de longa perman\u00eancia.<\/strong><img decoding=\"async\" src=\"https:\/\/agenciabrasil.ebc.com.br\/ebc.png?id=1641700&amp;o=node\"><img decoding=\"async\" src=\"https:\/\/agenciabrasil.ebc.com.br\/ebc.gif?id=1641700&amp;o=node\"><\/p>\n\n\n\n<p><strong>O munic\u00edpio do Rio tamb\u00e9m recebeu 13.040 doses do imunizante Pfizer Baby para aplica\u00e7\u00e3o em crian\u00e7as de seis meses a 4 anos.<\/strong><\/p>\n\n\n\n<p>A vacina \u00e9 segura e previne contra a variante mais recente da covid-19, a JN.1, reduzindo o risco de interna\u00e7\u00e3o e mortalidade pela doen\u00e7a. Para se vacinar, \u00e9 preciso que o idoso tenha tomado a dose anterior, h\u00e1 um ano.<\/p>\n\n\n\n<p>Nas pr\u00f3ximas semanas, sem data definida, com a chegada de mais doses, a expectativa \u00e9 imunizar contra a doen\u00e7a outros grupos priorit\u00e1rios nas 240 salas de vacina\u00e7\u00e3o em unidades de aten\u00e7\u00e3o prim\u00e1ria, como as cl\u00ednicas da fam\u00edlia e centros municipais de sa\u00fade. A vacina tamb\u00e9m pode ser tomada nas duas unidades do Super Centro Carioca de Vacina\u00e7\u00e3o, em Botafogo, na zona sul, e no Park Shopping Campo Grande, na zona oeste.<\/p>\n\n\n\n<h2 class=\"wp-block-heading\">Dia D<\/h2>\n\n\n\n<p>No pr\u00f3ximo s\u00e1bado (10), das 8h \u00e0s 17h, ser\u00e1 realizado o Dia D de vacina\u00e7\u00e3o contra a gripe, com atendimento em todas as salas das unidades de aten\u00e7\u00e3o prim\u00e1ria, no Super Centro Carioca e em centenas de pontos extras distribu\u00eddos pela cidade. Esses pontos ficam em locais estrat\u00e9gicos para facilitar o acesso das pessoas, como pra\u00e7as, associa\u00e7\u00f5es de moradores, igrejas, centros comerciais e escolas.&nbsp;<strong>Ser\u00e3o disponibilizadas mais de 500 mil doses da vacina contra a influenza.<\/strong><\/p>\n\n\n\n<p>No munic\u00edpio do Rio, todas as pessoas a partir de 6 meses de idade podem tomar a vacina da gripe. As \u00fanicas exce\u00e7\u00f5es s\u00e3o pessoas com hist\u00f3rico de alergia grave em dose anterior do imunizante. N\u00e3o h\u00e1 indica\u00e7\u00e3o de imuniza\u00e7\u00e3o para crian\u00e7as com menos de 6 meses.<\/p>\n\n\n\n<p>Para se imunizar, \u00e9 necess\u00e1rio apresentar documento de identifica\u00e7\u00e3o e, se poss\u00edvel, a caderneta de vacina\u00e7\u00e3o. A dose \u00e9 anual. Quem se vacinou no ano passado precisa tomar nova dose este ano. Para quem j\u00e1 tomou o imunizante anteriormente, o esquema vacinal \u00e9 de dose \u00fanica.&nbsp;<strong>Em 2025, mais de 700 mil usu\u00e1rios j\u00e1 se imunizaram contra a gripe e a meta no Rio, at\u00e9 o final da campanha, \u00e9 proteger cerca de 3 milh\u00f5es de cariocas.<\/strong><\/p>\n\n\n\n<figure class=\"wp-block-image\"><img loading=\"lazy\" decoding=\"async\" width=\"463\" height=\"308\" src=\"https:\/\/tvc16.com\/portal\/wp-content\/uploads\/2025\/05\/dsc8122.webp\" alt=\"Rio de Janeiro (RJ), 21\/08\/2023 \u2013 O secret\u00e1rio municipal de Sa\u00fade do Rio de Janeiro, Daniel Soranz durante entrevista \u00e0 Ag\u00eancia Brasil no Centro de Opera\u00e7\u00f5es (COR), na Cidade Nova, regi\u00e3o central da capital fluminense. Foto: Tomaz Silva\/Ag\u00eancia Brasil\" class=\"wp-image-103806\" title=\"Tomaz Silva\/Ag\u00eancia Brasil\" srcset=\"https:\/\/tvc16.com\/portal\/wp-content\/uploads\/2025\/05\/dsc8122.webp 463w, https:\/\/tvc16.com\/portal\/wp-content\/uploads\/2025\/05\/dsc8122-300x200.webp 300w\" sizes=\"auto, (max-width: 463px) 100vw, 463px\" \/><\/figure>\n\n\n\n<p>Daniel Soranz, secret\u00e1rio municipal de Sa\u00fade &#8211;&nbsp;<strong>Arquivo\/Ag\u00eancia Brasil<\/strong><\/p>\n\n\n\n<blockquote class=\"wp-block-quote is-layout-flow wp-block-quote-is-layout-flow\">\n<p>\u201cO pico da doen\u00e7a ocorre nos meses de julho e agosto, no inverno. Ent\u00e3o \u00e9 importante que a popula\u00e7\u00e3o esteja imunizada antes desse per\u00edodo. O ideal \u00e9 que as pessoas busquem se vacinar o mais r\u00e1pido poss\u00edvel, para estar protegidas. \u00c9 uma vacina muito segura e, para facilitar o acesso, disponibilizamos centenas de pontos de vacina\u00e7\u00e3o em toda a cidade. Muitas unidades est\u00e3o com programa\u00e7\u00f5es l\u00fadicas e culturais para tornar o Dia D uma grande festa da sa\u00fade, como o carioca gosta e merece. No \u00faltimo Dia D, em 2024, foram vacinadas 208 mil pessoa,s e a expectativa \u00e9 superar essa marca em 2025, no pr\u00f3ximo s\u00e1bado\u201d, disse, em nota, o secret\u00e1rio municipal de Sa\u00fade, Daniel Soranz.<\/p>\n<\/blockquote>\n\n\n\n<p>Douglas Corr\u00eaa \u2013 Rep\u00f3rter da Ag\u00eancia Brasil<br>foto: \u00a9 Fernando Fraz\u00e3o\/Ag\u00eancia Brasil<br><\/p>\n","protected":false},"excerpt":{"rendered":"<p>A Secretaria Municipal de Sa\u00fade do Rio de Janeiro (SMS-RJ) retomou na quarta-feira (7) a<\/p>\n","protected":false},"author":2,"featured_media":103805,"comment_status":"open","ping_status":"open","sticky":false,"template":"","format":"standard","meta":{"footnotes":""},"categories":[17],"tags":[],"class_list":["post-103804","post","type-post","status-publish","format-standard","has-post-thumbnail","hentry","category-outras-noticias"],"_links":{"self":[{"href":"https:\/\/tvc16.com\/portal\/wp-json\/wp\/v2\/posts\/103804","targetHints":{"allow":["GET"]}}],"collection":[{"href":"https:\/\/tvc16.com\/portal\/wp-json\/wp\/v2\/posts"}],"about":[{"href":"https:\/\/tvc16.com\/portal\/wp-json\/wp\/v2\/types\/post"}],"author":[{"embeddable":true,"href":"https:\/\/tvc16.com\/portal\/wp-json\/wp\/v2\/users\/2"}],"replies":[{"embeddable":true,"href":"https:\/\/tvc16.com\/portal\/wp-json\/wp\/v2\/comments?post=103804"}],"version-history":[{"count":1,"href":"https:\/\/tvc16.com\/portal\/wp-json\/wp\/v2\/posts\/103804\/revisions"}],"predecessor-version":[{"id":103807,"href":"https:\/\/tvc16.com\/portal\/wp-json\/wp\/v2\/posts\/103804\/revisions\/103807"}],"wp:featuredmedia":[{"embeddable":true,"href":"https:\/\/tvc16.com\/portal\/wp-json\/wp\/v2\/media\/103805"}],"wp:attachment":[{"href":"https:\/\/tvc16.com\/portal\/wp-json\/wp\/v2\/media?parent=103804"}],"wp:term":[{"taxonomy":"category","embeddable":true,"href":"https:\/\/tvc16.com\/portal\/wp-json\/wp\/v2\/categories?post=103804"},{"taxonomy":"post_tag","embeddable":true,"href":"https:\/\/tvc16.com\/portal\/wp-json\/wp\/v2\/tags?post=103804"}],"curies":[{"name":"wp","href":"https:\/\/api.w.org\/{rel}","templated":true}]}}