{"id":103811,"date":"2025-05-08T05:00:00","date_gmt":"2025-05-08T08:00:00","guid":{"rendered":"https:\/\/tvc16.com\/portal\/?p=103811"},"modified":"2025-05-07T13:20:09","modified_gmt":"2025-05-07T16:20:09","slug":"fiocruz-e-ministerio-das-cidades-lancam-projeto-para-elaboracao-de-manual-de-intervencoes-urbanas-para-reducao-de-riscos-e-desastres-em-cidades-brasileiras","status":"publish","type":"post","link":"https:\/\/tvc16.com\/portal\/2025\/05\/08\/fiocruz-e-ministerio-das-cidades-lancam-projeto-para-elaboracao-de-manual-de-intervencoes-urbanas-para-reducao-de-riscos-e-desastres-em-cidades-brasileiras\/","title":{"rendered":"Fiocruz e Minist\u00e9rio das Cidades lan\u00e7am projeto para elabora\u00e7\u00e3o de manual de interven\u00e7\u00f5es urbanas para redu\u00e7\u00e3o de riscos e desastres em cidades brasileiras"},"content":{"rendered":"\n<p><em>Projeto convida 50 munic\u00edpios aptos a participar de sele\u00e7\u00e3o para valida\u00e7\u00e3o de metodologias integradas e inovadoras. Inscri\u00e7\u00f5es v\u00e3o at\u00e9 12 de maio.<\/em><\/p>\n\n\n\n<p>A Funda\u00e7\u00e3o Oswaldo Cruz (Fiocruz), em parceria com o Minist\u00e9rio das Cidades, est\u00e1 desenvolvendo o Projeto Desenvolvimento Urbano Integrado para Redu\u00e7\u00e3o de Riscos de Desastres em Cidades (Projeto DUI &#8211; RRD Cidades) que visa a elabora\u00e7\u00e3o de um manual com metodologias para interven\u00e7\u00f5es urbanas integradas e inovadoras para munic\u00edpios brasileiros. O objetivo \u00e9 fortalecer as estrat\u00e9gias nacionais de planejamento para resili\u00eancia urbana e garantir maior seguran\u00e7a e qualidade de vida para seus cidad\u00e3os.&nbsp;<\/p>\n\n\n\n<p>Buscando melhorar a aplicabilidade e efetividade do manual, o projeto prev\u00ea valida\u00e7\u00e3o das metodologias em diferentes contextos municipais. Foram identificados 50 munic\u00edpios eleg\u00edveis a participar do processo seletivo para contribuir diretamente no desenvolvimento deste manual (lista completa abaixo). A sele\u00e7\u00e3o de munic\u00edpios eleg\u00edveis foi feita a partir de dados da Uni\u00e3o, do Sistema de Informa\u00e7\u00f5es e An\u00e1lises sobre Impactos das Mudan\u00e7as do Clima (AdaptaBrasil &#8211; MCTI) e das \u00e1reas de atua\u00e7\u00e3o estrat\u00e9gicas da Fiocruz no pa\u00eds. Com o lan\u00e7amento do edital, os munic\u00edpios interessados poder\u00e3o submeter suas propostas.&nbsp;<\/p>\n\n\n\n<p>A partir das inscri\u00e7\u00f5es, que devem ser realizadas at\u00e9 12 de maio, ser\u00e3o selecionados at\u00e9 12 munic\u00edpios, levando-se em conta elementos considerados fundamentais como: disponibilidade de infraestrutura e capacidade t\u00e9cnica e operacional, avalia\u00e7\u00e3o de iniciativas j\u00e1 existentes, diagn\u00f3stico das \u00e1reas de risco hidrol\u00f3gico, arranjos intersetoriais, organiza\u00e7\u00e3o de gest\u00e3o participativa com a comunidade, propostas de interven\u00e7\u00e3o baseadas nos princ\u00edpios de resili\u00eancia urbana e sustentabilidade e capacidade para replicar a metodologia para outros contextos municipais.&nbsp;&nbsp;<\/p>\n\n\n\n<p>Ap\u00f3s a sele\u00e7\u00e3o, estes munic\u00edpios v\u00e3o participar de capacita\u00e7\u00f5es e debates t\u00e9cnicos ao longo de \u200b2025\u200b, com intera\u00e7\u00e3o e troca de experi\u00eancias com diferentes entidades, institui\u00e7\u00f5es de Ensino Superior e com a sociedade civil, al\u00e9m da possibilidade de estabelecer parcerias estrat\u00e9gicas no tema. A fase seguinte, prevista para 2026, consiste na aplica\u00e7\u00e3o da metodologia em seis territ\u00f3rios pilotos, com suporte t\u00e9cnico especializado espec\u00edfico para seus contextos e desafios locais, atrav\u00e9s de assessoria t\u00e9cnica, que apoie a elabora\u00e7\u00e3o e implementa\u00e7\u00e3o de estrat\u00e9gias de redu\u00e7\u00e3o de risco de desastres, ampliando a resili\u00eancia dos munic\u00edpios participantes.&nbsp;&nbsp;<\/p>\n\n\n\n<p>O Projeto DUI-RRD Cidades faz parte do Termo de Execu\u00e7\u00e3o Descentralizada n\u00ba 969900\/2024, que busca integrar esfor\u00e7os entre a Fiocruz, o Minist\u00e9rio das Cidades e demais atores-chave, para desenvolver e aplicar novas metodologias, tecnologias e pr\u00e1ticas em contextos de risco de desastres.&nbsp;<\/p>\n\n\n\n<p>\u201cA Fiocruz tem compromisso com a prote\u00e7\u00e3o e a promo\u00e7\u00e3o da sa\u00fade e a qualidade de vida da popula\u00e7\u00e3o, e tem atuado de forma intersetorial buscando contribuir com outras pol\u00edticas setoriais considerando o efeito dessas pol\u00edticas nas condi\u00e7\u00f5es da sa\u00fade nos territ\u00f3rios. No caso do Projeto RRD Cidades, a Fiocruz contribui com o Minist\u00e9rio das Cidades na elabora\u00e7\u00e3o de metodologias que orientem estrat\u00e9gias de redu\u00e7\u00e3o de riscos de desastres, integrando a sa\u00fade em seu conceito ampliado, ao planejamento urbano e \u00e0s interven\u00e7\u00f5es urban\u00edsticas em \u00e1reas suscet\u00edveis ao risco\u201d, afirmaLuis C. S. Madeira Domingues, coordenador do Programa Institucional Territ\u00f3rios Sustent\u00e1veis e Saud\u00e1veis da Fiocruz &#8211; PITSS\/VPAAPS e componente do N\u00facleo Gestor do projeto DUI-RRD Cidades<em>.&nbsp;<\/em><\/p>\n\n\n\n<p>\u201cO Minist\u00e9rio das Cidades est\u00e1 empenhado em reduzir as desigualdades socioterritoriais, mediante o desenvolvimento urbano integrado, democr\u00e1tico, acess\u00edvel, inclusivo e sustent\u00e1vel. Diante da ocorr\u00eancia de eventos extremos cada vez mais intensos e frequentes, \u00e9 evidente a necessidade crescente em desenvolver e implementar estrat\u00e9gias de planejamento e interven\u00e7\u00f5es urban\u00edsticas capazes de reduzir os impactos de desastres geo-hidrol\u00f3gicos e promover a resili\u00eancia urbana, principalmente nas localidades que demandam maior aten\u00e7\u00e3o como os espa\u00e7os urbanos marcados pela precariedade, degrada\u00e7\u00e3o e vulnerabilidade. O Projeto RRD Cidades busca oferecer a refer\u00eancia metodol\u00f3gica para esse desafio\u201d, completaCristiana Scorza Guimaraens, diretora do Departamento de Estrutura\u00e7\u00e3o do Desenvolvimento Urbano e Metropolitano do Minist\u00e9rio das Cidades \u2013 DEDUM\/SNDUM e componente do N\u00facleo Gestor do projeto DUI-RRD Cidades<em>.&nbsp;<\/em><\/p>\n\n\n\n<p>As propostas devem ser enviadas exclusivamente online, pelo formul\u00e1rio dispon\u00edvel no site da ReDUS, at\u00e9 12 de maio de 2025. \u00c9 importante que os interessados revisem todas as diretrizes e crit\u00e9rios estabelecidos no edital, garantindo que suas propostas estejam alinhadas com os objetivos do projeto.&nbsp;<\/p>\n\n\n\n<p>Para acessar o edital completo, acesse: <a href=\"https:\/\/fiocruz.br\/documento\/2025\/04\/edital-de-chamamento-de-16-de-abril-de-2025\" target=\"_blank\" rel=\"noreferrer noopener\">https:\/\/fiocruz.br\/documento\/2025\/04\/edital-de-chamamento-de-16-de-abril-de-2025<\/a>. Para fazer a inscri\u00e7\u00e3o, acesse o link na plataforma ReDUS <a href=\"https:\/\/www.redus.org.br\/dui-rrd-riscos-e-desastres-cidades\" target=\"_blank\" rel=\"noreferrer noopener\">https:\/\/www.redus.org.br\/dui-rrd-riscos-e-desastres-cidades<\/a>.<\/p>\n\n\n\n<p>Para mais informa\u00e7\u00f5es ou esclarecimentos, envie e-mail para: <a href=\"mailto:rrd.cidades@ficruz.br\" target=\"_blank\" rel=\"noreferrer noopener\">rrd.cidades@ficruz.br<\/a>.&nbsp;<\/p>\n\n\n\n<p><strong>Veja a lista completa dos munic\u00edpios eleg\u00edveis:<\/strong><\/p>\n\n\n\n<p>Angra dos Reis<\/p>\n\n\n\n<p>Aquiraz<\/p>\n\n\n\n<p>Belo Horizonte<\/p>\n\n\n\n<p>Brasilia<\/p>\n\n\n\n<p>Camaragibe<\/p>\n\n\n\n<p>Candeias<\/p>\n\n\n\n<p>Canutama<\/p>\n\n\n\n<p>Caraguatatuba<\/p>\n\n\n\n<p>Careiro da V\u00e1rzea<\/p>\n\n\n\n<p>Caxias<\/p>\n\n\n\n<p>Contagem<\/p>\n\n\n\n<p>Eldorado do Sul<\/p>\n\n\n\n<p>Fortaleza<\/p>\n\n\n\n<p>Iribit\u00e9<\/p>\n\n\n\n<p>Ilhabela<\/p>\n\n\n\n<p>Jaboat\u00e3o do Guararapes<\/p>\n\n\n\n<p>L\u00e1brea<\/p>\n\n\n\n<p>Lauro de Freitas<\/p>\n\n\n\n<p>Manaus<\/p>\n\n\n\n<p>Mangaratiba<\/p>\n\n\n\n<p>Mariana<\/p>\n\n\n\n<p>Miguel Pereira<\/p>\n\n\n\n<p>Nova Friburgo<\/p>\n\n\n\n<p>Nova Hartz<\/p>\n\n\n\n<p>Nova Lima<\/p>\n\n\n\n<p>Novo Hamburgo<\/p>\n\n\n\n<p>Olinda<\/p>\n\n\n\n<p>Para\u00edba do Sul<\/p>\n\n\n\n<p>Paraty<\/p>\n\n\n\n<p>Paulista<\/p>\n\n\n\n<p>Petr\u00f3polis<\/p>\n\n\n\n<p>Port\u00e3o<\/p>\n\n\n\n<p>Porto Alegre<\/p>\n\n\n\n<p>Recife<\/p>\n\n\n\n<p>Ribeir\u00e3o das Neves<\/p>\n\n\n\n<p>Rio de Janeiro<\/p>\n\n\n\n<p>Sabar\u00e1<\/p>\n\n\n\n<p>Salvador<\/p>\n\n\n\n<p>Santa Luzia<\/p>\n\n\n\n<p>S\u00e3o Leopoldo<\/p>\n\n\n\n<p>S\u00e3o Louren\u00e7o da Mata<\/p>\n\n\n\n<p>S\u00e3o Sebasti\u00e3o<\/p>\n\n\n\n<p>S\u00e3o Sebasti\u00e3o do Ca\u00ed<\/p>\n\n\n\n<p>Sapucaia do Sul<\/p>\n\n\n\n<p>Sim\u00f5es Filho<\/p>\n\n\n\n<p>Teresina<\/p>\n\n\n\n<p>Teres\u00f3polis<\/p>\n\n\n\n<p>Tr\u00eas Rios<\/p>\n\n\n\n<p>Ubatuba<\/p>\n\n\n\n<p>Vespasiano<\/p>\n\n\n\n<p>Foto: divulga\u00e7\u00e3o <\/p>\n","protected":false},"excerpt":{"rendered":"<p>Projeto convida 50 munic\u00edpios aptos a participar de sele\u00e7\u00e3o para valida\u00e7\u00e3o de metodologias integradas e<\/p>\n","protected":false},"author":2,"featured_media":103812,"comment_status":"open","ping_status":"open","sticky":false,"template":"","format":"standard","meta":{"footnotes":""},"categories":[12],"tags":[],"class_list":["post-103811","post","type-post","status-publish","format-standard","has-post-thumbnail","hentry","category-cidade"],"_links":{"self":[{"href":"https:\/\/tvc16.com\/portal\/wp-json\/wp\/v2\/posts\/103811","targetHints":{"allow":["GET"]}}],"collection":[{"href":"https:\/\/tvc16.com\/portal\/wp-json\/wp\/v2\/posts"}],"about":[{"href":"https:\/\/tvc16.com\/portal\/wp-json\/wp\/v2\/types\/post"}],"author":[{"embeddable":true,"href":"https:\/\/tvc16.com\/portal\/wp-json\/wp\/v2\/users\/2"}],"replies":[{"embeddable":true,"href":"https:\/\/tvc16.com\/portal\/wp-json\/wp\/v2\/comments?post=103811"}],"version-history":[{"count":1,"href":"https:\/\/tvc16.com\/portal\/wp-json\/wp\/v2\/posts\/103811\/revisions"}],"predecessor-version":[{"id":103813,"href":"https:\/\/tvc16.com\/portal\/wp-json\/wp\/v2\/posts\/103811\/revisions\/103813"}],"wp:featuredmedia":[{"embeddable":true,"href":"https:\/\/tvc16.com\/portal\/wp-json\/wp\/v2\/media\/103812"}],"wp:attachment":[{"href":"https:\/\/tvc16.com\/portal\/wp-json\/wp\/v2\/media?parent=103811"}],"wp:term":[{"taxonomy":"category","embeddable":true,"href":"https:\/\/tvc16.com\/portal\/wp-json\/wp\/v2\/categories?post=103811"},{"taxonomy":"post_tag","embeddable":true,"href":"https:\/\/tvc16.com\/portal\/wp-json\/wp\/v2\/tags?post=103811"}],"curies":[{"name":"wp","href":"https:\/\/api.w.org\/{rel}","templated":true}]}}