{"id":103814,"date":"2025-05-07T15:49:08","date_gmt":"2025-05-07T18:49:08","guid":{"rendered":"https:\/\/tvc16.com\/portal\/?p=103814"},"modified":"2025-05-07T15:49:09","modified_gmt":"2025-05-07T18:49:09","slug":"lula-sanciona-lei-que-obriga-cirurgia-de-labio-leporino-no-sus","status":"publish","type":"post","link":"https:\/\/tvc16.com\/portal\/2025\/05\/07\/lula-sanciona-lei-que-obriga-cirurgia-de-labio-leporino-no-sus\/","title":{"rendered":"Lula sanciona lei que obriga cirurgia de l\u00e1bio leporino no SUS"},"content":{"rendered":"\n<p>O presidente Luiz In\u00e1cio Lula da Silva sancionou a lei que obriga a oferta de cirurgia reconstrutiva de l\u00e1bio leporino ou fenda palatina no Sistema \u00danico de Sa\u00fade (SUS). O texto, publicado no&nbsp;<em><a href=\"https:\/\/www.in.gov.br\/en\/web\/dou\/-\/lei-n-15.133-de-6-de-maio-de-2025-627640890\" target=\"_blank\" rel=\"noreferrer noopener\">Di\u00e1rio Oficial da Uni\u00e3o<\/a>&nbsp;<\/em>desta quarta-feira (7), prev\u00ea ainda o tratamento p\u00f3s-cir\u00fargico, abrangendo servi\u00e7os de fonoaudiologia, psicologia, ortodontia e outros necess\u00e1rias para a recupera\u00e7\u00e3o integral do paciente.<img decoding=\"async\" src=\"https:\/\/agenciabrasil.ebc.com.br\/ebc.png?id=1641785&amp;o=node\"><img decoding=\"async\" src=\"https:\/\/agenciabrasil.ebc.com.br\/ebc.gif?id=1641785&amp;o=node\"><\/p>\n\n\n\n<p><strong>A nova lei tamb\u00e9m ampara os rec\u00e9m-nascidos.<\/strong><\/p>\n\n\n\n<blockquote class=\"wp-block-quote is-layout-flow wp-block-quote-is-layout-flow\">\n<p>\u201cQuando o l\u00e1bio leporino for diagnosticado no pr\u00e9-natal ou ap\u00f3s o nascimento, o rec\u00e9m-nascido ser\u00e1 encaminhado tempestivamente a centro especializado para iniciar o acompanhamento cl\u00ednico e para programar a cirurgia reparadora\u201d, diz a Lei n\u00ba 15.133\/2025.<\/p>\n<\/blockquote>\n\n\n\n<p><strong>Caso o paciente necessite de reeduca\u00e7\u00e3o oral, dever\u00e1 ser disponibilizado, gratuitamente, fonoaudi\u00f3logo para auxili\u00e1-lo nos exerc\u00edcios de suc\u00e7\u00e3o e de mastiga\u00e7\u00e3o e no desenvolvimento da fala<\/strong>. Al\u00e9m disso, ele poder\u00e1 ser assistido, sem custos, por um ortodontista, a quem caber\u00e1 decidir sobre implante dent\u00e1rio e ado\u00e7\u00e3o de aparelhos ortod\u00f4nticos no tratamento.<\/p>\n\n\n\n<p><strong>O projeto de lei foi aprovado pelo Congresso no in\u00edcio de abril. Na ocasi\u00e3o, o relator do texto na C\u00e2mara, deputado Dr. Ismael Alexandrino (PSD-GO), lembrou que cerca de 15 crian\u00e7as nascem, por dia, com essa malforma\u00e7\u00e3o no Brasil.<\/strong>&nbsp;&#8220;Quanto mais tarde a crian\u00e7a demora para operar, mais problemas acarreta do ponto de vista de desenvolvimento, alimenta\u00e7\u00e3o, infec\u00e7\u00f5es e bullying&#8221;, afirmou.<\/p>\n\n\n\n<p>Para Alexandrino, embora o tratamento possa ser interpretado como j\u00e1 garantido pela Constitui\u00e7\u00e3o, a nova lei explicita e fortalece esse direito.<\/p>\n\n\n\n<p>Andreia Verd\u00e9lio &#8211; Rep\u00f3rter da Ag\u00eancia Brasil<br>Foto: \u00a9 Fernando Fraz\u00e3o\/Ag\u00eancia Brasil<br><\/p>\n","protected":false},"excerpt":{"rendered":"<p>O presidente Luiz In\u00e1cio Lula da Silva sancionou a lei que obriga a oferta de<\/p>\n","protected":false},"author":2,"featured_media":103815,"comment_status":"open","ping_status":"open","sticky":false,"template":"","format":"standard","meta":{"footnotes":""},"categories":[17],"tags":[],"class_list":["post-103814","post","type-post","status-publish","format-standard","has-post-thumbnail","hentry","category-outras-noticias"],"_links":{"self":[{"href":"https:\/\/tvc16.com\/portal\/wp-json\/wp\/v2\/posts\/103814","targetHints":{"allow":["GET"]}}],"collection":[{"href":"https:\/\/tvc16.com\/portal\/wp-json\/wp\/v2\/posts"}],"about":[{"href":"https:\/\/tvc16.com\/portal\/wp-json\/wp\/v2\/types\/post"}],"author":[{"embeddable":true,"href":"https:\/\/tvc16.com\/portal\/wp-json\/wp\/v2\/users\/2"}],"replies":[{"embeddable":true,"href":"https:\/\/tvc16.com\/portal\/wp-json\/wp\/v2\/comments?post=103814"}],"version-history":[{"count":1,"href":"https:\/\/tvc16.com\/portal\/wp-json\/wp\/v2\/posts\/103814\/revisions"}],"predecessor-version":[{"id":103816,"href":"https:\/\/tvc16.com\/portal\/wp-json\/wp\/v2\/posts\/103814\/revisions\/103816"}],"wp:featuredmedia":[{"embeddable":true,"href":"https:\/\/tvc16.com\/portal\/wp-json\/wp\/v2\/media\/103815"}],"wp:attachment":[{"href":"https:\/\/tvc16.com\/portal\/wp-json\/wp\/v2\/media?parent=103814"}],"wp:term":[{"taxonomy":"category","embeddable":true,"href":"https:\/\/tvc16.com\/portal\/wp-json\/wp\/v2\/categories?post=103814"},{"taxonomy":"post_tag","embeddable":true,"href":"https:\/\/tvc16.com\/portal\/wp-json\/wp\/v2\/tags?post=103814"}],"curies":[{"name":"wp","href":"https:\/\/api.w.org\/{rel}","templated":true}]}}