{"id":103821,"date":"2025-05-08T09:02:09","date_gmt":"2025-05-08T12:02:09","guid":{"rendered":"https:\/\/tvc16.com\/portal\/?p=103821"},"modified":"2025-05-08T09:02:10","modified_gmt":"2025-05-08T12:02:10","slug":"guarda-civil-faz-acao-para-orientar-motoristas-sobre-estacionamento-em-areas-da-rua-do-imperador","status":"publish","type":"post","link":"https:\/\/tvc16.com\/portal\/2025\/05\/08\/guarda-civil-faz-acao-para-orientar-motoristas-sobre-estacionamento-em-areas-da-rua-do-imperador\/","title":{"rendered":"Guarda Civil faz a\u00e7\u00e3o para orientar motoristas sobre estacionamento em \u00e1reas da Rua do Imperador"},"content":{"rendered":"\n<p>Objetivo foi conscientizar sobre a necessidade de parar o carro de forma a n\u00e3o atrapalhar o tr\u00e2nsito na principal via do Centro Hist\u00f3rico e por tempo limitado<\/p>\n\n\n\n<p>A Guarda Civil Municipal (GCM) realizou uma a\u00e7\u00e3o para orientar motoristas sobre o estacionamento em baias ao longo da Rua do Imperador, no Centro. A a\u00e7\u00e3o aconteceu na quarta-feira (07\/05) e teve como objetivo conscientizar sobre a forma correta de parar os ve\u00edculos nessas \u00e1reas ao longo do dia, para n\u00e3o atrapalhar o tr\u00e2nsito na regi\u00e3o. Al\u00e9m disso, h\u00e1 um limite de tempo de perman\u00eancia nesses locais.<\/p>\n\n\n\n<p>Agentes da Guarda Civil, que fazem a orienta\u00e7\u00e3o do tr\u00e2nsito no Centro diariamente, percorreram toda a extens\u00e3o da Rua do Imperador, em ambos os sentidos, abordaram motoristas para orienta\u00e7\u00e3o e, em casos onde o condutor n\u00e3o foi localizado, foi colado no ve\u00edculo estacionado incorretamente uma advert\u00eancia sobre a irregularidade.<\/p>\n\n\n\n<p>Essas baias s\u00e3o utilizadas, entre 21h e 11h, para carga e descarga de caminh\u00f5es que atendem ao com\u00e9rcio da regi\u00e3o. Fora desse hor\u00e1rio, \u00e9 permitido parar o carro por tempo limitado (at\u00e9 15 minutos) para o embarque e desembarque de pessoas, desde que o carro seja parado de forma paralela \u00e0 cal\u00e7ada.<\/p>\n\n\n\n<p>Na pr\u00e1tica, muitos motoristas estacionam em posi\u00e7\u00f5es inadequadas, deixando parte do ve\u00edculo na pista, atrapalhando o tr\u00e2nsito \u2013 principalmente ve\u00edculos maiores, como \u00f4nibus e caminh\u00f5es \u2013 e trazendo risco de acidentes. Em alguns casos, condutores deixam o ve\u00edculo nessas baias por horas, como se essas \u00e1reas fossem vagas de estacionamento.<\/p>\n\n\n\n<p>&#8220;Essas baias s\u00e3o devidamente sinalizadas sobre o hor\u00e1rio em que o espa\u00e7o \u00e9 destinado para carga e descarga e o hor\u00e1rio que \u00e9 para embarque e desembarque, sobre o limite de tempo de perman\u00eancia para os ve\u00edculos comuns e tamb\u00e9m de que os motoristas devem estacionar em paralelo \u00e0 cal\u00e7ada&#8221;, ressalta o comandante da Guarda Civil, Eliel Silveira, que participou da a\u00e7\u00e3o.<\/p>\n\n\n\n<p>Estacionar em desacordo com o estabelecido pelo C\u00f3digo de Tr\u00e2nsito Brasileiro (CTB) \u00e9 infra\u00e7\u00e3o m\u00e9dia (quatro pontos na CNH e multa de R$ 130,16) e em desacordo com as condi\u00e7\u00f5es regulamentadas especificamente pela sinaliza\u00e7\u00e3o \u00e9 infra\u00e7\u00e3o grave (cinco pontos na CNH e multa de R$ 195,23). Em ambos os casos, h\u00e1 previs\u00e3o de remo\u00e7\u00e3o do ve\u00edculo como medida administrativa.<\/p>\n\n\n\n<p>A inten\u00e7\u00e3o dessa a\u00e7\u00e3o foi conscientizar os motoristas; em um segundo momento, os condutores ser\u00e3o notificados sobre a irregularidade; e posteriormente, quem cometer a infra\u00e7\u00e3o de tr\u00e2nsito pode ser multado.<\/p>\n\n\n\n<p>A a\u00e7\u00e3o desta quarta-feira tamb\u00e9m contou com abordagem de motociclistas, que foram alertados sobre os locais corretos para parada desses ve\u00edculos. H\u00e1 \u00e1reas espec\u00edficas para o estacionamento gratuito na Rua do Imperador e algumas baias permitem a parada em pontos espec\u00edficos e sinalizados.<\/p>\n","protected":false},"excerpt":{"rendered":"<p>Objetivo foi conscientizar sobre a necessidade de parar o carro de forma a n\u00e3o atrapalhar<\/p>\n","protected":false},"author":2,"featured_media":103822,"comment_status":"open","ping_status":"open","sticky":false,"template":"","format":"standard","meta":{"footnotes":""},"categories":[12],"tags":[],"class_list":["post-103821","post","type-post","status-publish","format-standard","has-post-thumbnail","hentry","category-cidade"],"_links":{"self":[{"href":"https:\/\/tvc16.com\/portal\/wp-json\/wp\/v2\/posts\/103821","targetHints":{"allow":["GET"]}}],"collection":[{"href":"https:\/\/tvc16.com\/portal\/wp-json\/wp\/v2\/posts"}],"about":[{"href":"https:\/\/tvc16.com\/portal\/wp-json\/wp\/v2\/types\/post"}],"author":[{"embeddable":true,"href":"https:\/\/tvc16.com\/portal\/wp-json\/wp\/v2\/users\/2"}],"replies":[{"embeddable":true,"href":"https:\/\/tvc16.com\/portal\/wp-json\/wp\/v2\/comments?post=103821"}],"version-history":[{"count":1,"href":"https:\/\/tvc16.com\/portal\/wp-json\/wp\/v2\/posts\/103821\/revisions"}],"predecessor-version":[{"id":103823,"href":"https:\/\/tvc16.com\/portal\/wp-json\/wp\/v2\/posts\/103821\/revisions\/103823"}],"wp:featuredmedia":[{"embeddable":true,"href":"https:\/\/tvc16.com\/portal\/wp-json\/wp\/v2\/media\/103822"}],"wp:attachment":[{"href":"https:\/\/tvc16.com\/portal\/wp-json\/wp\/v2\/media?parent=103821"}],"wp:term":[{"taxonomy":"category","embeddable":true,"href":"https:\/\/tvc16.com\/portal\/wp-json\/wp\/v2\/categories?post=103821"},{"taxonomy":"post_tag","embeddable":true,"href":"https:\/\/tvc16.com\/portal\/wp-json\/wp\/v2\/tags?post=103821"}],"curies":[{"name":"wp","href":"https:\/\/api.w.org\/{rel}","templated":true}]}}