{"id":103829,"date":"2025-05-08T09:12:25","date_gmt":"2025-05-08T12:12:25","guid":{"rendered":"https:\/\/tvc16.com\/portal\/?p=103829"},"modified":"2025-05-08T09:12:25","modified_gmt":"2025-05-08T12:12:25","slug":"professor-gabriel-santana-investiga-os-efeitos-da-pratica-musical-no-desenvolvimento-cognitivo-dos-alunos","status":"publish","type":"post","link":"https:\/\/tvc16.com\/portal\/2025\/05\/08\/professor-gabriel-santana-investiga-os-efeitos-da-pratica-musical-no-desenvolvimento-cognitivo-dos-alunos\/","title":{"rendered":"Professor Gabriel Santana investiga os efeitos da pr\u00e1tica musical no desenvolvimento cognitivo dos alunos"},"content":{"rendered":"\n<p>Teoria \u00e9 aplicada na pr\u00e1tica e gera resultados impressionantes em sala de aula na Escola de M\u00fasica Santa Cec\u00edlia<\/p>\n\n\n\n<p>O professor Gabriel Santana tem dedicado sua trajet\u00f3ria profissional a muito mais do que ensinar notas, escalas e partituras. Com uma forma\u00e7\u00e3o s\u00f3lida e m\u00faltiplas especializa\u00e7\u00f5es na \u00e1rea da m\u00fasica e da educa\u00e7\u00e3o, ele transforma suas salas de aula na Escola de M\u00fasica Santa Cec\u00edlia em espa\u00e7os de desenvolvimento humano. \u201cMinha miss\u00e3o \u00e9 ensinar com amor. Acredito que s\u00f3 o amor \u00e9 a resposta\u201d, afirma o educador, que alia experi\u00eancia pr\u00e1tica ao aprofundamento te\u00f3rico sobre os impactos da m\u00fasica na cogni\u00e7\u00e3o de seus alunos.<\/p>\n\n\n\n<p>Licenciado em M\u00fasica e p\u00f3s-graduado em Educa\u00e7\u00e3o Musical, Arranjo e Educa\u00e7\u00e3o de Jovens e Adultos, Gabriel segue em constante forma\u00e7\u00e3o. Atualmente cursa Bacharelado em Viol\u00e3o Erudito e uma p\u00f3s-gradua\u00e7\u00e3o em Composi\u00e7\u00e3o. Seu interesse pelos efeitos da m\u00fasica no c\u00e9rebro surgiu da necessidade de responder, de forma embasada, \u00e0s d\u00favidas de seus alunos: \u201cPercebi que eles buscavam entender os reais benef\u00edcios da pr\u00e1tica musical. Ent\u00e3o resolvi transformar isso em pesquisa\u201d, relata.<\/p>\n\n\n\n<p>Seu trabalho de conclus\u00e3o de curso na p\u00f3s-gradua\u00e7\u00e3o focou nos impactos da m\u00fasica em quatro \u00e1reas do desenvolvimento humano: cognitivo, psicomotor, interpessoal e afetivo-emocional. \u201c\u00c9 um projeto que agora pretendo aprofundar em um futuro mestrado\u201d, adianta.<\/p>\n\n\n\n<p>A observa\u00e7\u00e3o cotidiana dos alunos alimenta suas reflex\u00f5es acad\u00eamicas. Gabriel explica que aspectos como aten\u00e7\u00e3o, mem\u00f3ria, racioc\u00ednio l\u00f3gico e percep\u00e7\u00e3o s\u00e3o constantemente estimulados durante as aulas de instrumento. \u201cMesmo nos exerc\u00edcios mais simples, o aluno precisa manter o foco, ouvir com aten\u00e7\u00e3o, ler partituras, pensar no ritmo e movimentar o corpo de forma coordenada. Isso tudo desenvolve, naturalmente, habilidades cognitivas essenciais.\u201d.<\/p>\n\n\n\n<p>Al\u00e9m da cogni\u00e7\u00e3o, o professor tamb\u00e9m enxerga a pr\u00e1tica musical como um fator importante para a autonomia, a autoconfian\u00e7a e o equil\u00edbrio emocional dos alunos. \u201cA m\u00fasica exige entrega e dedica\u00e7\u00e3o. Os estudantes percebem suas evolu\u00e7\u00f5es, aprendem a lidar com desafios, desenvolvem foco e constroem autoestima a partir das pr\u00f3prias conquistas\u201d, explica.<\/p>\n\n\n\n<p>Gabriel tamb\u00e9m destaca como o ensino musical pode ser um complemento poderoso para alunos que j\u00e1 atuam em outras linguagens art\u00edsticas, como dan\u00e7a, teatro ou artes visuais. \u201cO estudo da m\u00fasica intensifica o uso das mem\u00f3rias de curto e longo prazo, estimula o racioc\u00ednio l\u00f3gico e ainda fortalece a express\u00e3o emocional\u201d, afirma.<\/p>\n\n\n\n<p>A liga\u00e7\u00e3o entre emo\u00e7\u00e3o e raz\u00e3o \u00e9, para ele, uma das grandes riquezas da m\u00fasica. \u201cCada aluno reage \u00e0 m\u00fasica de forma \u00fanica. Alguns buscam a t\u00e9cnica e a precis\u00e3o; outros se permitem explorar os sentimentos. O mais importante \u00e9 entender que essas dimens\u00f5es n\u00e3o se anulam, mas se complementam.\u201d.<\/p>\n\n\n\n<p>Sobre os desafios de unir sensibilidade art\u00edstica e pensamento l\u00f3gico, Gabriel \u00e9 enf\u00e1tico: \u201c\u00c9 preciso mostrar aos alunos que essas duas for\u00e7as cooperam para um mesmo fim. Quando conseguimos unir raz\u00e3o e emo\u00e7\u00e3o, o aprendizado se torna muito mais potente.\u201d.<\/p>\n\n\n\n<p>Entre as hist\u00f3rias marcantes de sua trajet\u00f3ria, ele guarda com carinho o relato de um aluno que via nas aulas de m\u00fasica uma forma de escapar dos problemas de casa. \u201cAquilo me mostrou que estou no caminho certo. A m\u00fasica n\u00e3o \u00e9 s\u00f3 conte\u00fado, ela \u00e9 ref\u00fagio, ferramenta de transforma\u00e7\u00e3o e encontro com a pr\u00f3pria identidade.\u201d.<\/p>\n\n\n\n<p>Janine Meirelles, presidente volunt\u00e1ria da Escola de M\u00fasica Santa Cec\u00edlia, destaca a import\u00e2ncia de iniciativas como a de Gabriel Santana: \u201cProfessores que se dedicam \u00e0 pesquisa e \u00e0 busca por inova\u00e7\u00f5es contribuem diretamente para o fortalecimento da nossa institui\u00e7\u00e3o. Isso se reflete na qualidade do ensino e, principalmente, no desenvolvimento dos nossos alunos. Ter educadores comprometidos com o conhecimento \u00e9 um dos nossos maiores orgulhos.\u201d.<\/p>\n","protected":false},"excerpt":{"rendered":"<p>Teoria \u00e9 aplicada na pr\u00e1tica e gera resultados impressionantes em sala de aula na Escola<\/p>\n","protected":false},"author":2,"featured_media":103830,"comment_status":"open","ping_status":"open","sticky":false,"template":"","format":"standard","meta":{"footnotes":""},"categories":[12],"tags":[],"class_list":["post-103829","post","type-post","status-publish","format-standard","has-post-thumbnail","hentry","category-cidade"],"_links":{"self":[{"href":"https:\/\/tvc16.com\/portal\/wp-json\/wp\/v2\/posts\/103829","targetHints":{"allow":["GET"]}}],"collection":[{"href":"https:\/\/tvc16.com\/portal\/wp-json\/wp\/v2\/posts"}],"about":[{"href":"https:\/\/tvc16.com\/portal\/wp-json\/wp\/v2\/types\/post"}],"author":[{"embeddable":true,"href":"https:\/\/tvc16.com\/portal\/wp-json\/wp\/v2\/users\/2"}],"replies":[{"embeddable":true,"href":"https:\/\/tvc16.com\/portal\/wp-json\/wp\/v2\/comments?post=103829"}],"version-history":[{"count":1,"href":"https:\/\/tvc16.com\/portal\/wp-json\/wp\/v2\/posts\/103829\/revisions"}],"predecessor-version":[{"id":103831,"href":"https:\/\/tvc16.com\/portal\/wp-json\/wp\/v2\/posts\/103829\/revisions\/103831"}],"wp:featuredmedia":[{"embeddable":true,"href":"https:\/\/tvc16.com\/portal\/wp-json\/wp\/v2\/media\/103830"}],"wp:attachment":[{"href":"https:\/\/tvc16.com\/portal\/wp-json\/wp\/v2\/media?parent=103829"}],"wp:term":[{"taxonomy":"category","embeddable":true,"href":"https:\/\/tvc16.com\/portal\/wp-json\/wp\/v2\/categories?post=103829"},{"taxonomy":"post_tag","embeddable":true,"href":"https:\/\/tvc16.com\/portal\/wp-json\/wp\/v2\/tags?post=103829"}],"curies":[{"name":"wp","href":"https:\/\/api.w.org\/{rel}","templated":true}]}}