{"id":103832,"date":"2025-05-08T09:16:17","date_gmt":"2025-05-08T12:16:17","guid":{"rendered":"https:\/\/tvc16.com\/portal\/?p=103832"},"modified":"2025-05-08T09:16:18","modified_gmt":"2025-05-08T12:16:18","slug":"escola-de-nova-friburgo-se-destaca-com-projetos-ligados-ao-meio-ambiente","status":"publish","type":"post","link":"https:\/\/tvc16.com\/portal\/2025\/05\/08\/escola-de-nova-friburgo-se-destaca-com-projetos-ligados-ao-meio-ambiente\/","title":{"rendered":"Escola de Nova Friburgo se destaca com projetos ligados ao meio ambiente"},"content":{"rendered":"\n<p><em>Col\u00e9gio Estadual Dr. Tuffy El-Jaick promove a\u00e7\u00f5es que buscam o engajamento dos alunos e a integra\u00e7\u00e3o com a comunidade durante o ano letivo<\/em><\/p>\n\n\n\n<p>Com o intuito de promover o engajamento dos alunos e a integra\u00e7\u00e3o com a comunidade, o Col\u00e9gio Estadual Dr. Tuffy El-Jaick, de Nova Friburgo, na Regi\u00e3o Serrana do Rio, vem desenvolvendo a\u00e7\u00f5es relacionadas ao meio ambiente. Projetos como o EcoEduca e o Salve a Humanidade s\u00e3o destaques ao longo do ano letivo, trabalhando com quest\u00f5es de sustentabilidade e conscientiza\u00e7\u00e3o. Entre as iniciativas colocadas em pr\u00e1tica, est\u00e3o o cultivo de horta, o plantio de \u00e1rvores, a revitaliza\u00e7\u00e3o nos arredores da escola e a coleta de material recicl\u00e1vel.<\/p>\n\n\n\n<p>\u2013 Com essas a\u00e7\u00f5es, n\u00f3s estamos nos desenvolvendo cada vez mais. E, como envolve toda a escola, interagimos tamb\u00e9m com outras turmas, levando cada vez mais experi\u00eancias para nossas vidas \u2013 afirma Ana Lara de Freitas Rodrigues, de 17 anos, que cursa a 2\u00aa s\u00e9rie do Ensino M\u00e9dio.<\/p>\n\n\n\n<p>Dentro do projeto EcoEduca, os estudantes recolheram 1.541 quilos de res\u00edduos s\u00f3lidos e 34 litros de \u00f3leo de cozinha usado, no ano passado. Um exemplo de como promover a preserva\u00e7\u00e3o do meio ambiente.<\/p>\n\n\n\n<p>\u2013 Temos trabalhos bem interessantes. Estamos focados nas pessoas, com base na dedica\u00e7\u00e3o e disciplina. Este \u00e9 um de nossos diferenciais. \u00c9 muito legal ver essa evolu\u00e7\u00e3o, com nosso projeto pedag\u00f3gico. Hoje, temos professores que foram alunos da escola. Isso \u00e9 um orgulho muito grande para n\u00f3s \u2013 afirma Adriana Palomo Martins Tuler, diretora-geral da unidade.<\/p>\n\n\n\n<p>A escola tamb\u00e9m busca relacionar suas atividades com o mundo. A unidade realiza o tradicional Pavilh\u00e3o do Mundo, um evento especial, no estilo de feira de ci\u00eancias, que abrange aspectos de diversos pa\u00edses, como arte, cultura e at\u00e9 comidas t\u00edpicas. Os estudantes tamb\u00e9m participam do SINUT, uma simula\u00e7\u00e3o interna, que usa como base os tratados e projetos desenvolvidos pela Organiza\u00e7\u00e3o das Na\u00e7\u00f5es Unidas (ONU). Assim, cresce o conceito de representatividade e a consci\u00eancia de todos os alunos.<\/p>\n\n\n\n<p>&nbsp;\u2013 Esse trabalho nos ajuda a desenvolver v\u00e1rias \u00e1reas, inclusive a profissional que pretendo seguir, o Direito. As aulas s\u00e3o muito participativas, e esse trabalho nos faz crescer bastante \u2013 destaca Mariana Cardoso Teixeira, de 18 anos, aluna da 3\u00aa s\u00e9rie do Ensino M\u00e9dio.<\/p>\n\n\n\n<p>O col\u00e9gio atende aproximadamente 750 alunos e trabalha com os anos finais do Ensino Fundamental e tamb\u00e9m com o Ensino M\u00e9dio, al\u00e9m da Educa\u00e7\u00e3o de Jovens e Adultos (EJA). A unidade tem algumas parcerias \u2013 uma delas com o Sesc \u2013 para projetos especiais. Al\u00e9m disso, participa de diversas a\u00e7\u00f5es, como o Letramento Digital, e planeja fazer parte do projeto de Letramento Racial ainda este ano.<\/p>\n\n\n\n<p>\u2013 O col\u00e9gio sempre organiza eventos bem legais, enriquecedores, que nos ajudam a encontrar o caminho que queremos seguir em nossa vida. Eu me formei na escola, com a certeza de que estou preparado para a vida \u2013 enaltece Luiz Ot\u00e1vio Gon\u00e7alves Gomes, que concluiu o Ensino M\u00e9dio em 2022.<\/p>\n","protected":false},"excerpt":{"rendered":"<p>Col\u00e9gio Estadual Dr. Tuffy El-Jaick promove a\u00e7\u00f5es que buscam o engajamento dos alunos e a<\/p>\n","protected":false},"author":2,"featured_media":103833,"comment_status":"open","ping_status":"open","sticky":false,"template":"","format":"standard","meta":{"footnotes":""},"categories":[17],"tags":[],"class_list":["post-103832","post","type-post","status-publish","format-standard","has-post-thumbnail","hentry","category-outras-noticias"],"_links":{"self":[{"href":"https:\/\/tvc16.com\/portal\/wp-json\/wp\/v2\/posts\/103832","targetHints":{"allow":["GET"]}}],"collection":[{"href":"https:\/\/tvc16.com\/portal\/wp-json\/wp\/v2\/posts"}],"about":[{"href":"https:\/\/tvc16.com\/portal\/wp-json\/wp\/v2\/types\/post"}],"author":[{"embeddable":true,"href":"https:\/\/tvc16.com\/portal\/wp-json\/wp\/v2\/users\/2"}],"replies":[{"embeddable":true,"href":"https:\/\/tvc16.com\/portal\/wp-json\/wp\/v2\/comments?post=103832"}],"version-history":[{"count":1,"href":"https:\/\/tvc16.com\/portal\/wp-json\/wp\/v2\/posts\/103832\/revisions"}],"predecessor-version":[{"id":103834,"href":"https:\/\/tvc16.com\/portal\/wp-json\/wp\/v2\/posts\/103832\/revisions\/103834"}],"wp:featuredmedia":[{"embeddable":true,"href":"https:\/\/tvc16.com\/portal\/wp-json\/wp\/v2\/media\/103833"}],"wp:attachment":[{"href":"https:\/\/tvc16.com\/portal\/wp-json\/wp\/v2\/media?parent=103832"}],"wp:term":[{"taxonomy":"category","embeddable":true,"href":"https:\/\/tvc16.com\/portal\/wp-json\/wp\/v2\/categories?post=103832"},{"taxonomy":"post_tag","embeddable":true,"href":"https:\/\/tvc16.com\/portal\/wp-json\/wp\/v2\/tags?post=103832"}],"curies":[{"name":"wp","href":"https:\/\/api.w.org\/{rel}","templated":true}]}}