{"id":103835,"date":"2025-05-08T09:18:14","date_gmt":"2025-05-08T12:18:14","guid":{"rendered":"https:\/\/tvc16.com\/portal\/?p=103835"},"modified":"2025-05-08T09:18:14","modified_gmt":"2025-05-08T12:18:14","slug":"camara-municipal-aprova-indicacao-legislativa-para-criacao-do-programa-produtor-legal","status":"publish","type":"post","link":"https:\/\/tvc16.com\/portal\/2025\/05\/08\/camara-municipal-aprova-indicacao-legislativa-para-criacao-do-programa-produtor-legal\/","title":{"rendered":"C\u00e2mara Municipal aprova Indica\u00e7\u00e3o Legislativa para cria\u00e7\u00e3o do Programa Produtor Legal"},"content":{"rendered":"\n<p>Em sess\u00e3o plen\u00e1ria realizada nesta quarta-feira (07), a C\u00e2mara Municipal de Petr\u00f3polis aprovou a Indica\u00e7\u00e3o Legislativa de autoria do vereador J\u00fanior Paix\u00e3o que prop\u00f5e ao Poder Executivo a cria\u00e7\u00e3o do Programa Produtor Legal. A iniciativa tem como objetivo fomentar a formaliza\u00e7\u00e3o da atividade rural no munic\u00edpio, garantindo apoio t\u00e9cnico, administrativo e operacional aos produtores locais.<\/p>\n\n\n\n<p>A proposta indica a necessidade de envio de Projeto de Lei por parte do Executivo para instituir oficialmente o programa, que visa legalizar e fortalecer a produ\u00e7\u00e3o rural em Petr\u00f3polis. Entre os principais objetivos do Programa Produtor Legal est\u00e3o o apoio ao produtor na formaliza\u00e7\u00e3o de suas atividades, a amplia\u00e7\u00e3o do n\u00famero de produtores legalizados e a cria\u00e7\u00e3o de um subprograma espec\u00edfico para a doa\u00e7\u00e3o do primeiro bloco de notas fiscais ao produtor que aderir \u00e0 formaliza\u00e7\u00e3o.<\/p>\n\n\n\n<p>\u201cO setor rural \u00e9 fundamental para a economia e a seguran\u00e7a alimentar de Petr\u00f3polis. Com essa iniciativa, queremos garantir que o produtor tenha acesso a servi\u00e7os essenciais e possa atuar de maneira legalizada, gerando benef\u00edcios para ele, para o munic\u00edpio e para toda a sociedade\u201d, destacou o vereador J\u00fanior Paix\u00e3o.<\/p>\n\n\n\n<p>O programa tamb\u00e9m prev\u00ea a possibilidade de firmar conv\u00eanios com associa\u00e7\u00f5es de produtores rurais e entidades p\u00fablicas ou privadas para execu\u00e7\u00e3o e fortalecimento das a\u00e7\u00f5es propostas. De acordo com o texto, as despesas necess\u00e1rias \u00e0 implanta\u00e7\u00e3o do programa ser\u00e3o cobertas por dota\u00e7\u00f5es espec\u00edficas no or\u00e7amento municipal, e o Executivo dever\u00e1 regulamentar a lei em at\u00e9 60 dias ap\u00f3s sua publica\u00e7\u00e3o.<\/p>\n\n\n\n<p>A ideia \u00e9 que, com a formaliza\u00e7\u00e3o dos produtores rurais, al\u00e9m de impulsionar o desenvolvimento econ\u00f4mico e social nas \u00e1reas agr\u00edcolas de Petr\u00f3polis, permita-se o aumento da arrecada\u00e7\u00e3o municipal por meio das declara\u00e7\u00f5es anuais (DECLAN), contribuindo para uma gest\u00e3o fiscal mais eficiente.<\/p>\n\n\n\n<p>Com a aprova\u00e7\u00e3o da Indica\u00e7\u00e3o Legislativa, o pr\u00f3ximo passo ser\u00e1 a an\u00e1lise e eventual encaminhamento do projeto pelo Poder Executivo, que dever\u00e1 ouvir os \u00f3rg\u00e3os competentes, como a Secretaria Municipal de Desenvolvimento Econ\u00f4mico, Emater, INSS, Defesa Agropecu\u00e1ria, Sindicato Rural de Petr\u00f3polis, FAERJ, entre outros parceiros estrat\u00e9gicos do setor.<\/p>\n","protected":false},"excerpt":{"rendered":"<p>Em sess\u00e3o plen\u00e1ria realizada nesta quarta-feira (07), a C\u00e2mara Municipal de Petr\u00f3polis aprovou a Indica\u00e7\u00e3o<\/p>\n","protected":false},"author":2,"featured_media":81130,"comment_status":"open","ping_status":"open","sticky":false,"template":"","format":"standard","meta":{"footnotes":""},"categories":[12],"tags":[],"class_list":["post-103835","post","type-post","status-publish","format-standard","has-post-thumbnail","hentry","category-cidade"],"_links":{"self":[{"href":"https:\/\/tvc16.com\/portal\/wp-json\/wp\/v2\/posts\/103835","targetHints":{"allow":["GET"]}}],"collection":[{"href":"https:\/\/tvc16.com\/portal\/wp-json\/wp\/v2\/posts"}],"about":[{"href":"https:\/\/tvc16.com\/portal\/wp-json\/wp\/v2\/types\/post"}],"author":[{"embeddable":true,"href":"https:\/\/tvc16.com\/portal\/wp-json\/wp\/v2\/users\/2"}],"replies":[{"embeddable":true,"href":"https:\/\/tvc16.com\/portal\/wp-json\/wp\/v2\/comments?post=103835"}],"version-history":[{"count":1,"href":"https:\/\/tvc16.com\/portal\/wp-json\/wp\/v2\/posts\/103835\/revisions"}],"predecessor-version":[{"id":103836,"href":"https:\/\/tvc16.com\/portal\/wp-json\/wp\/v2\/posts\/103835\/revisions\/103836"}],"wp:featuredmedia":[{"embeddable":true,"href":"https:\/\/tvc16.com\/portal\/wp-json\/wp\/v2\/media\/81130"}],"wp:attachment":[{"href":"https:\/\/tvc16.com\/portal\/wp-json\/wp\/v2\/media?parent=103835"}],"wp:term":[{"taxonomy":"category","embeddable":true,"href":"https:\/\/tvc16.com\/portal\/wp-json\/wp\/v2\/categories?post=103835"},{"taxonomy":"post_tag","embeddable":true,"href":"https:\/\/tvc16.com\/portal\/wp-json\/wp\/v2\/tags?post=103835"}],"curies":[{"name":"wp","href":"https:\/\/api.w.org\/{rel}","templated":true}]}}