{"id":103837,"date":"2025-05-08T09:20:26","date_gmt":"2025-05-08T12:20:26","guid":{"rendered":"https:\/\/tvc16.com\/portal\/?p=103837"},"modified":"2025-05-08T09:21:34","modified_gmt":"2025-05-08T12:21:34","slug":"1269-milhoes-de-consumidores-devem-ir-as-compras-para-o-dia-das-maes","status":"publish","type":"post","link":"https:\/\/tvc16.com\/portal\/2025\/05\/08\/1269-milhoes-de-consumidores-devem-ir-as-compras-para-o-dia-das-maes\/","title":{"rendered":"126,9 milh\u00f5es de consumidores devem ir \u00e0s compras para o Dia das M\u00e3es"},"content":{"rendered":"\n<p>Previs\u00e3o \u00e9 de movimento maior na sexta e s\u00e1bado em Petr\u00f3polis<\/p>\n\n\n\n<p>O Dia das M\u00e3es, celebrado neste domingo (11), deve impulsionar fortemente o com\u00e9rcio de Petr\u00f3polis, acompanhando a tend\u00eancia nacional apontada por pesquisa da Confedera\u00e7\u00e3o Nacional de Dirigentes Lojistas (CNDL) em parceria com o SPC Brasil e a Offerwise. Segundo o levantamento, cerca de 126,9 milh\u00f5es de consumidores devem ir \u00e0s compras, movimentando aproximadamente R$ 37,75 bilh\u00f5es nos segmentos de com\u00e9rcio e servi\u00e7os.<\/p>\n\n\n\n<p>Apesar do n\u00famero expressivo, a proje\u00e7\u00e3o representa uma queda nominal de R$ 2,46 bilh\u00f5es em compara\u00e7\u00e3o ao mesmo per\u00edodo do ano passado. Ainda assim, a data permanece como a segunda mais relevante para o varejo, atr\u00e1s apenas do Natal. A expectativa \u00e9 de que haja uma acelera\u00e7\u00e3o de \u00faltima hora impactando os n\u00fameros da pesquisa de forma positiva.<\/p>\n\n\n\n<p>\u201cA tradi\u00e7\u00e3o de presentear no Dia das M\u00e3es segue muito forte entre os brasileiros. Em Petr\u00f3polis, essa \u00e9 uma excelente oportunidade para aquecer as vendas e fortalecer o com\u00e9rcio local. Mesmo diante de um cen\u00e1rio econ\u00f4mico mais desafiador, os lojistas est\u00e3o preparados com promo\u00e7\u00f5es e op\u00e7\u00f5es variadas para todos os bolsos\u201d, afirma o presidente da CDL Petr\u00f3polis, Claudio Mohammad.<\/p>\n\n\n\n<p>De acordo com a pesquisa, 78% dos consumidores pretendem comprar ao menos um presente, com destaque para m\u00e3es (77%), sogras (18%) e esposas (17%). O levantamento tamb\u00e9m aponta que 51% dos consumidores compram para retribuir o carinho das m\u00e3es, 25% veem o gesto como algo importante, e 19% t\u00eam o h\u00e1bito de presentear quem gostam. No entanto, 69% percebem os pre\u00e7os mais altos este ano.<\/p>\n\n\n\n<p>Entre os que v\u00e3o gastar mais, 60% desejam comprar presentes melhores, 44% citaram o aumento de pre\u00e7os e 31% v\u00e3o comprar mais itens. J\u00e1 entre os que v\u00e3o gastar menos, 40% querem economizar, 26% pretendem reduzir a quantidade de presentes e outros 26% enfrentam dificuldades financeiras.<\/p>\n\n\n\n<p>\u201cA data \u00e9 emocionalmente significativa e mobiliza tanto o com\u00e9rcio quanto os consumidores. \u00c9 importante que o cliente pesquise, compare pre\u00e7os e esteja atento \u00e0 qualidade dos produtos. Os lojistas, por sua vez, sabem que as vendas em pontos f\u00edsicos devem mais do que compra e venda, mas um oportunidade de o cliente viver a experi\u00eancia para criar v\u00ednculos e fidelizar o p\u00fablico\u201d, acrescenta Claudio Mohammad que aponta ainda a import\u00e2ncia de se priorizar o com\u00e9rcio local, valorizando os lojistas da cidade e contribuindo para a economia do munic\u00edpio.<\/p>\n","protected":false},"excerpt":{"rendered":"<p>Previs\u00e3o \u00e9 de movimento maior na sexta e s\u00e1bado em Petr\u00f3polis O Dia das M\u00e3es,<\/p>\n","protected":false},"author":2,"featured_media":88884,"comment_status":"open","ping_status":"open","sticky":false,"template":"","format":"standard","meta":{"footnotes":""},"categories":[12],"tags":[],"class_list":["post-103837","post","type-post","status-publish","format-standard","has-post-thumbnail","hentry","category-cidade"],"_links":{"self":[{"href":"https:\/\/tvc16.com\/portal\/wp-json\/wp\/v2\/posts\/103837","targetHints":{"allow":["GET"]}}],"collection":[{"href":"https:\/\/tvc16.com\/portal\/wp-json\/wp\/v2\/posts"}],"about":[{"href":"https:\/\/tvc16.com\/portal\/wp-json\/wp\/v2\/types\/post"}],"author":[{"embeddable":true,"href":"https:\/\/tvc16.com\/portal\/wp-json\/wp\/v2\/users\/2"}],"replies":[{"embeddable":true,"href":"https:\/\/tvc16.com\/portal\/wp-json\/wp\/v2\/comments?post=103837"}],"version-history":[{"count":1,"href":"https:\/\/tvc16.com\/portal\/wp-json\/wp\/v2\/posts\/103837\/revisions"}],"predecessor-version":[{"id":103838,"href":"https:\/\/tvc16.com\/portal\/wp-json\/wp\/v2\/posts\/103837\/revisions\/103838"}],"wp:featuredmedia":[{"embeddable":true,"href":"https:\/\/tvc16.com\/portal\/wp-json\/wp\/v2\/media\/88884"}],"wp:attachment":[{"href":"https:\/\/tvc16.com\/portal\/wp-json\/wp\/v2\/media?parent=103837"}],"wp:term":[{"taxonomy":"category","embeddable":true,"href":"https:\/\/tvc16.com\/portal\/wp-json\/wp\/v2\/categories?post=103837"},{"taxonomy":"post_tag","embeddable":true,"href":"https:\/\/tvc16.com\/portal\/wp-json\/wp\/v2\/tags?post=103837"}],"curies":[{"name":"wp","href":"https:\/\/api.w.org\/{rel}","templated":true}]}}