{"id":103842,"date":"2025-05-08T09:24:44","date_gmt":"2025-05-08T12:24:44","guid":{"rendered":"https:\/\/tvc16.com\/portal\/?p=103842"},"modified":"2025-05-08T09:24:45","modified_gmt":"2025-05-08T12:24:45","slug":"inscricoes-para-mais-medicos-terminam-nesta-quinta-feira-8","status":"publish","type":"post","link":"https:\/\/tvc16.com\/portal\/2025\/05\/08\/inscricoes-para-mais-medicos-terminam-nesta-quinta-feira-8\/","title":{"rendered":"Inscri\u00e7\u00f5es para Mais M\u00e9dicos terminam nesta quinta-feira (8)"},"content":{"rendered":"\n<p>S\u00e3o 3.174 vagas para profissionais em regi\u00f5es vulner\u00e1veis<\/p>\n\n\n\n<p>As&nbsp;<strong>inscri\u00e7\u00f5es para o programa Mais M\u00e9dicos terminam nesta quinta-feira&nbsp;(8)<\/strong>. O Minist\u00e9rio da Sa\u00fade est\u00e1 ofertando&nbsp;<strong>3.174 vagas para m\u00e9dicos interessados em trabalhar na&nbsp;aten\u00e7\u00e3o prim\u00e1ria \u00e0 sa\u00fade<\/strong>&nbsp;em&nbsp;regi\u00f5es priorit\u00e1rias, remotas, de dif\u00edcil acesso e de alto \u00edndice de vulnerabilidade, onde h\u00e1 escassez ou aus\u00eancia desses profissionais.<img decoding=\"async\" src=\"https:\/\/agenciabrasil.ebc.com.br\/ebc.png?id=1641645&amp;o=node\"><img decoding=\"async\" src=\"https:\/\/agenciabrasil.ebc.com.br\/ebc.gif?id=1641645&amp;o=node\"><\/p>\n\n\n\n<p>As vagas podem ser vistas na&nbsp;<a href=\"https:\/\/www.gov.br\/saude\/pt-br\/composicao\/saps\/mais-medicos\" target=\"_blank\" rel=\"noreferrer noopener\">p\u00e1gina do programa<\/a>.<\/p>\n\n\n\n<p>Do total de vagas,&nbsp;<strong>3.066 ser\u00e3o distribu\u00eddas entre 1.620 munic\u00edpios e 108 destinadas a 26 Distritos Sanit\u00e1rios Especiais Ind\u00edgenas (DSEIs)<\/strong>.<\/p>\n\n\n\n<h2 class=\"wp-block-heading\">Perfil do profissional<\/h2>\n\n\n\n<p>Para se<strong>&nbsp;inscrever no 41\u00ba ciclo do&nbsp;Mais M\u00e9dicos<\/strong>, o&nbsp;<strong>profissional precisa ser<\/strong>:<\/p>\n\n\n\n<ol class=\"wp-block-list\">\n<li>m\u00e9dico\u00a0formado\u00a0no Brasil com registro no Conselho Regional de Medicina (CRM) ou com diploma revalidado no Brasil;<\/li>\n\n\n\n<li>m\u00e9dico\u00a0brasileiro\u00a0formados no exterior\u00a0(intercambista brasileiro);\u00a0<\/li>\n\n\n\n<li>m\u00e9dico\u00a0estrangeiro\u00a0com habilita\u00e7\u00e3o para o exerc\u00edcio da medicina no exterior (intercambista estrangeiro).<\/li>\n<\/ol>\n\n\n\n<p>Para&nbsp;os<strong>&nbsp;dois \u00faltimos perfis<\/strong>, \u00e9&nbsp;<strong>obrigat\u00f3ria a aprova\u00e7\u00e3o no M\u00f3dulo de Acolhimento e Avalia\u00e7\u00e3o (MAAv)<\/strong>, um treinamento espec\u00edfico para atua\u00e7\u00e3o em situa\u00e7\u00f5es de urg\u00eancia, emerg\u00eancia e no enfrentamento de doen\u00e7as prevalentes nas regi\u00f5es de trabalho.<\/p>\n\n\n\n<p>A documenta\u00e7\u00e3o e as demais condi\u00e7\u00f5es exigidas para os&nbsp;m\u00e9dicos brasileiros com registro no Brasil e para os intercambistas&nbsp;(brasileiros e estrangeiros) est\u00e3o descritas no&nbsp;site, como estar em situa\u00e7\u00e3o regular na esfera criminal perante a justi\u00e7a estadual e federal no Brasil, do local em que reside ou residiu nos \u00faltimos 6 (seis) meses; estar em situa\u00e7\u00e3o regular com as obriga\u00e7\u00f5es militares, se o m\u00e9dico for sexo masculino; estar em situa\u00e7\u00e3o regular na justi\u00e7a eleitoral, se for brasileiro.<\/p>\n\n\n\n<h2 class=\"wp-block-heading\">Inscri\u00e7\u00e3o<\/h2>\n\n\n\n<p>A&nbsp;<strong>ades\u00e3o deve ser feita pelo<\/strong>&nbsp;<a href=\"https:\/\/maismedicos.saude.gov.br\/loginExt.php\" target=\"_blank\" rel=\"noreferrer noopener\">Sistema de Gerenciamento de Programas&nbsp;(SGP)<\/a>.<\/p>\n\n\n\n<p>No ato da inscri\u00e7\u00e3o no SGP, o&nbsp;<strong>candidato dever\u00e1 anexar declara\u00e7\u00e3o de pr\u00f3prio punho, datada e assinada, atestando que, se estrangeiro, possui conhecimento da l\u00edngua portuguesa e, independentemente da nacionalidade, tem ci\u00eancia das regras de organiza\u00e7\u00e3o do SUS<\/strong>, bem como dos protocolos e diretrizes cl\u00ednicas no \u00e2mbito da aten\u00e7\u00e3o prim\u00e1ria \u00e0 sa\u00fade.<\/p>\n\n\n\n<p>No exerc\u00edcio das atividades pelo Mais M\u00e9dicos, os m\u00e9dicos brasileiros e estrangeiros ter\u00e3o direito a benef\u00edcios, como de&nbsp;<strong>bolsa forma\u00e7\u00e3o, ajuda de custo, aux\u00edlios<\/strong>.<\/p>\n\n\n\n<p>Eles&nbsp;<strong>poder\u00e3o permanecer no programa por at\u00e9 48 meses<\/strong>,&nbsp;<strong>sem v\u00ednculo empregat\u00edcio&nbsp;<\/strong>de qualquer natureza.<\/p>\n\n\n\n<h2 class=\"wp-block-heading\">Cadastro reserva<\/h2>\n\n\n\n<p>Neste novo chamamento p\u00fablico, o&nbsp;Minist\u00e9rio da Sa\u00fade criou a possibilidade de<strong>&nbsp;cadastro reserva<\/strong>.<\/p>\n\n\n\n<p>Com isso,&nbsp;2.450 munic\u00edpios brasileiros e oito Distritos Sanit\u00e1rios Especiais Ind\u00edgenas (DSEIs) que j\u00e1 haviam preenchido vagas em editais anteriores puderam ingressar no cadastro reserva da pol\u00edtica p\u00fablica.<\/p>\n\n\n\n<h2 class=\"wp-block-heading\">Mais M\u00e9dicos<\/h2>\n\n\n\n<p>O&nbsp;Programa&nbsp;<strong>Mais M\u00e9dicos garante assist\u00eancia a mais de 63 milh\u00f5es de brasileiros<\/strong>.&nbsp;Atualmente,&nbsp;s\u00e3o 24,9 mil m\u00e9dicos, atuando em 4,2 mil munic\u00edpios.&nbsp;<\/p>\n\n\n\n<p>Dentre essas localidades, 1,7 mil t\u00eam altos \u00edndices de vulnerabilidade social. Do total de m\u00e9dicos em atividade pelo programa federal, 601 deles est\u00e3o&nbsp;em Distritos Sanit\u00e1rios Especiais Ind\u00edgenas (DSEIs).<\/p>\n\n\n\n<p>O Minist\u00e9rio da Sa\u00fade espera que a pol\u00edtica p\u00fablica amplie o acesso aos servi\u00e7os de sa\u00fade na aten\u00e7\u00e3o prim\u00e1ria, a redu\u00e7\u00e3o do tempo de espera por atendimento com a utiliza\u00e7\u00e3o do prontu\u00e1rio eletr\u00f4nico do SUS&nbsp;(e-SUS APS), al\u00e9m de avan\u00e7os significativos na sa\u00fade ind\u00edgena.<\/p>\n","protected":false},"excerpt":{"rendered":"<p>S\u00e3o 3.174 vagas para profissionais em regi\u00f5es vulner\u00e1veis As&nbsp;inscri\u00e7\u00f5es para o programa Mais M\u00e9dicos terminam<\/p>\n","protected":false},"author":2,"featured_media":103843,"comment_status":"open","ping_status":"open","sticky":false,"template":"","format":"standard","meta":{"footnotes":""},"categories":[17],"tags":[],"class_list":["post-103842","post","type-post","status-publish","format-standard","has-post-thumbnail","hentry","category-outras-noticias"],"_links":{"self":[{"href":"https:\/\/tvc16.com\/portal\/wp-json\/wp\/v2\/posts\/103842","targetHints":{"allow":["GET"]}}],"collection":[{"href":"https:\/\/tvc16.com\/portal\/wp-json\/wp\/v2\/posts"}],"about":[{"href":"https:\/\/tvc16.com\/portal\/wp-json\/wp\/v2\/types\/post"}],"author":[{"embeddable":true,"href":"https:\/\/tvc16.com\/portal\/wp-json\/wp\/v2\/users\/2"}],"replies":[{"embeddable":true,"href":"https:\/\/tvc16.com\/portal\/wp-json\/wp\/v2\/comments?post=103842"}],"version-history":[{"count":1,"href":"https:\/\/tvc16.com\/portal\/wp-json\/wp\/v2\/posts\/103842\/revisions"}],"predecessor-version":[{"id":103844,"href":"https:\/\/tvc16.com\/portal\/wp-json\/wp\/v2\/posts\/103842\/revisions\/103844"}],"wp:featuredmedia":[{"embeddable":true,"href":"https:\/\/tvc16.com\/portal\/wp-json\/wp\/v2\/media\/103843"}],"wp:attachment":[{"href":"https:\/\/tvc16.com\/portal\/wp-json\/wp\/v2\/media?parent=103842"}],"wp:term":[{"taxonomy":"category","embeddable":true,"href":"https:\/\/tvc16.com\/portal\/wp-json\/wp\/v2\/categories?post=103842"},{"taxonomy":"post_tag","embeddable":true,"href":"https:\/\/tvc16.com\/portal\/wp-json\/wp\/v2\/tags?post=103842"}],"curies":[{"name":"wp","href":"https:\/\/api.w.org\/{rel}","templated":true}]}}