{"id":103848,"date":"2025-05-08T09:29:34","date_gmt":"2025-05-08T12:29:34","guid":{"rendered":"https:\/\/tvc16.com\/portal\/?p=103848"},"modified":"2025-05-08T09:29:35","modified_gmt":"2025-05-08T12:29:35","slug":"rio-de-janeiro-e-escolhido-para-ser-uma-das-sedes-da-copa-do-mundo-feminina-da-fifa-brasil-2027","status":"publish","type":"post","link":"https:\/\/tvc16.com\/portal\/2025\/05\/08\/rio-de-janeiro-e-escolhido-para-ser-uma-das-sedes-da-copa-do-mundo-feminina-da-fifa-brasil-2027\/","title":{"rendered":"Rio de Janeiro \u00e9 escolhido para ser uma das sedes da Copa do Mundo Feminina da FIFA Brasil 2027\u2122"},"content":{"rendered":"\n<p><em>Maracan\u00e3 se tornar\u00e1 \u00fanico est\u00e1dio a sediar tr\u00eas Mundiais<\/em><br>O Rio de Janeiro est\u00e1 entre as oito cidades-sede da Copa do Mundo Feminina da FIFA Brasil 2027. O an\u00fancio foi feito pela federa\u00e7\u00e3o, nesta quarta-feira (07\/05), por meio das redes sociais. O evento, que acontece de 24 de junho a 25 de julho de 2027, ter\u00e1 a participa\u00e7\u00e3o 32 sele\u00e7\u00f5es. \u00c9 a primeira vez que o torneio \u00e9 realizado num pa\u00eds sul-americano. O governador Cl\u00e1udio Castro comemorou a escolha.<\/p>\n\n\n\n<p>&#8211; &nbsp;O Rio de Janeiro n\u00e3o poderia ficar de fora desta importante celebra\u00e7\u00e3o do futebol feminino. Reconhecido internacionalmente como palco dos grandes eventos, a inclus\u00e3o do nosso estado neste contexto reafirma a nossa voca\u00e7\u00e3o para receber. Estamos entusiasmados com a oportunidade de contribuir para que esta edi\u00e7\u00e3o da Copa se torne uma experi\u00eancia memor\u00e1vel, tanto para as sele\u00e7\u00f5es participantes quanto para os torcedores \u2013 ressaltou o governador.<\/p>\n\n\n\n<p>Em outubro do ano passado, representantes da FIFA fizeram uma rodada de inspe\u00e7\u00e3o nas 12 cidades candidatas a sediar jogos no Brasil, avaliando diversos quesitos, como mobilidade, aeroportos e infraestrutura t\u00e9cnica.<\/p>\n\n\n\n<p>Al\u00e9m do Rio de Janeiro, Belo Horizonte, Bras\u00edlia, Fortaleza, Porto Alegre, Recife, Salvador e S\u00e3o Paulo v\u00e3o receber partidas do Mundial.<\/p>\n\n\n\n<p>O secret\u00e1rio de Estado de Esporte e Lazer, Rafael Picciani, destacou o impacto que a Copa trar\u00e1 para o estado:<\/p>\n\n\n\n<p>&#8211; &nbsp;Mais uma vez, os holofotes estar\u00e3o voltados para o Rio de Janeiro. Este grandioso evento, al\u00e9m de impulsionar o turismo e aquecer a economia local, representar\u00e1 um marco na valoriza\u00e7\u00e3o do futebol feminino, promovendo sua visibilidade e incentivando a participa\u00e7\u00e3o de mais mulheres na modalidade. O Brasil tem uma d\u00edvida hist\u00f3rica com essas atletas, considerando que o futebol feminino foi proibido em nosso pa\u00eds por mais de quatro d\u00e9cadas. \u00c9 chegada a hora de recuperar esse tempo perdido e avan\u00e7ar rumo a uma era de igualdade e reconhecimento \u2013 concluiu o secret\u00e1rio.<\/p>\n\n\n\n<p><strong>Ilumina\u00e7\u00e3o especial em pontos tur\u00edsticos<\/strong><\/p>\n\n\n\n<p>Para comemorar a escolha, o Maracan\u00e3 ganhou uma ilumina\u00e7\u00e3o especial, verde e amarela, para sinalizar a novidade e engajar a popula\u00e7\u00e3o em rela\u00e7\u00e3o ao evento.<\/p>\n","protected":false},"excerpt":{"rendered":"<p>Maracan\u00e3 se tornar\u00e1 \u00fanico est\u00e1dio a sediar tr\u00eas MundiaisO Rio de Janeiro est\u00e1 entre as<\/p>\n","protected":false},"author":2,"featured_media":103849,"comment_status":"open","ping_status":"open","sticky":false,"template":"","format":"standard","meta":{"footnotes":""},"categories":[17],"tags":[],"class_list":["post-103848","post","type-post","status-publish","format-standard","has-post-thumbnail","hentry","category-outras-noticias"],"_links":{"self":[{"href":"https:\/\/tvc16.com\/portal\/wp-json\/wp\/v2\/posts\/103848","targetHints":{"allow":["GET"]}}],"collection":[{"href":"https:\/\/tvc16.com\/portal\/wp-json\/wp\/v2\/posts"}],"about":[{"href":"https:\/\/tvc16.com\/portal\/wp-json\/wp\/v2\/types\/post"}],"author":[{"embeddable":true,"href":"https:\/\/tvc16.com\/portal\/wp-json\/wp\/v2\/users\/2"}],"replies":[{"embeddable":true,"href":"https:\/\/tvc16.com\/portal\/wp-json\/wp\/v2\/comments?post=103848"}],"version-history":[{"count":1,"href":"https:\/\/tvc16.com\/portal\/wp-json\/wp\/v2\/posts\/103848\/revisions"}],"predecessor-version":[{"id":103850,"href":"https:\/\/tvc16.com\/portal\/wp-json\/wp\/v2\/posts\/103848\/revisions\/103850"}],"wp:featuredmedia":[{"embeddable":true,"href":"https:\/\/tvc16.com\/portal\/wp-json\/wp\/v2\/media\/103849"}],"wp:attachment":[{"href":"https:\/\/tvc16.com\/portal\/wp-json\/wp\/v2\/media?parent=103848"}],"wp:term":[{"taxonomy":"category","embeddable":true,"href":"https:\/\/tvc16.com\/portal\/wp-json\/wp\/v2\/categories?post=103848"},{"taxonomy":"post_tag","embeddable":true,"href":"https:\/\/tvc16.com\/portal\/wp-json\/wp\/v2\/tags?post=103848"}],"curies":[{"name":"wp","href":"https:\/\/api.w.org\/{rel}","templated":true}]}}