{"id":103851,"date":"2025-05-08T09:31:07","date_gmt":"2025-05-08T12:31:07","guid":{"rendered":"https:\/\/tvc16.com\/portal\/?p=103851"},"modified":"2025-05-08T09:31:08","modified_gmt":"2025-05-08T12:31:08","slug":"operacao-da-pf-investiga-evasao-de-divisas-e-lavagem-de-dinheiro","status":"publish","type":"post","link":"https:\/\/tvc16.com\/portal\/2025\/05\/08\/operacao-da-pf-investiga-evasao-de-divisas-e-lavagem-de-dinheiro\/","title":{"rendered":"Opera\u00e7\u00e3o da PF investiga evas\u00e3o de divisas e lavagem de dinheiro"},"content":{"rendered":"\n<p>Investigados movimentaram mais de R$ 50 milh\u00f5es entre 2018 e 2023<\/p>\n\n\n\n<p><strong>A Pol\u00edcia Federal deflagrou nesta quarta-feira (7) a Opera\u00e7\u00e3o Avernus, com a finalidade de combater a pr\u00e1tica de evas\u00e3o de divisas e lavagem de capitais adquiridos por meio de tr\u00e1fico internacional de armas e drogas.<\/strong>&nbsp;Os agentes federais cumpriram cinco mandados de busca e apreens\u00e3o em endere\u00e7os de<strong>&nbsp;investigados que movimentaram mais de R$ 50 milh\u00f5es entre 2018 e 2023.&nbsp;<\/strong><img decoding=\"async\" src=\"https:\/\/agenciabrasil.ebc.com.br\/ebc.png?id=1641849&amp;o=node\"><img decoding=\"async\" src=\"https:\/\/agenciabrasil.ebc.com.br\/ebc.gif?id=1641849&amp;o=node\"><\/p>\n\n\n\n<p>Tr\u00eas ordens judiciais foram cumpridas no munic\u00edpio do Rio de Janeiro, uma em Angra dos Reis e outra em Nova Igua\u00e7u.<\/p>\n\n\n\n<p>Al\u00e9m das buscas,<strong>&nbsp;foi determinado o sequestro de bens e valores em nome dos investigados e de empresas de fachada utilizadas pelo grupo&nbsp;<\/strong>para oculta\u00e7\u00e3o de patrim\u00f4nio il\u00edcito. Foram identificados ve\u00edculos de luxo, embarca\u00e7\u00f5es e im\u00f3veis de alto padr\u00e3o adquiridos a partir das atividades criminosas.<\/p>\n\n\n\n<p>Os investigados e as casas de c\u00e2mbio utilizadas no esquema tinham v\u00ednculos com pessoas investigadas em outras opera\u00e7\u00f5es da Pol\u00edcia Federal. Um dos alvos da deflagra\u00e7\u00e3o de hoje tamb\u00e9m seria relacionado a um preso por envolvimento com o Cartel de Cali no Brasil.<\/p>\n\n\n\n<p><strong>Os investigados poder\u00e3o responder pelos crimes de evas\u00e3o de divisas e lavagem de capitais, cujas penas somadas podem chegar aos 16 anos de pris\u00e3o.<\/strong><\/p>\n","protected":false},"excerpt":{"rendered":"<p>Investigados movimentaram mais de R$ 50 milh\u00f5es entre 2018 e 2023 A Pol\u00edcia Federal deflagrou<\/p>\n","protected":false},"author":2,"featured_media":103852,"comment_status":"open","ping_status":"open","sticky":false,"template":"","format":"standard","meta":{"footnotes":""},"categories":[17],"tags":[],"class_list":["post-103851","post","type-post","status-publish","format-standard","has-post-thumbnail","hentry","category-outras-noticias"],"_links":{"self":[{"href":"https:\/\/tvc16.com\/portal\/wp-json\/wp\/v2\/posts\/103851","targetHints":{"allow":["GET"]}}],"collection":[{"href":"https:\/\/tvc16.com\/portal\/wp-json\/wp\/v2\/posts"}],"about":[{"href":"https:\/\/tvc16.com\/portal\/wp-json\/wp\/v2\/types\/post"}],"author":[{"embeddable":true,"href":"https:\/\/tvc16.com\/portal\/wp-json\/wp\/v2\/users\/2"}],"replies":[{"embeddable":true,"href":"https:\/\/tvc16.com\/portal\/wp-json\/wp\/v2\/comments?post=103851"}],"version-history":[{"count":1,"href":"https:\/\/tvc16.com\/portal\/wp-json\/wp\/v2\/posts\/103851\/revisions"}],"predecessor-version":[{"id":103853,"href":"https:\/\/tvc16.com\/portal\/wp-json\/wp\/v2\/posts\/103851\/revisions\/103853"}],"wp:featuredmedia":[{"embeddable":true,"href":"https:\/\/tvc16.com\/portal\/wp-json\/wp\/v2\/media\/103852"}],"wp:attachment":[{"href":"https:\/\/tvc16.com\/portal\/wp-json\/wp\/v2\/media?parent=103851"}],"wp:term":[{"taxonomy":"category","embeddable":true,"href":"https:\/\/tvc16.com\/portal\/wp-json\/wp\/v2\/categories?post=103851"},{"taxonomy":"post_tag","embeddable":true,"href":"https:\/\/tvc16.com\/portal\/wp-json\/wp\/v2\/tags?post=103851"}],"curies":[{"name":"wp","href":"https:\/\/api.w.org\/{rel}","templated":true}]}}