{"id":103854,"date":"2025-05-08T09:32:12","date_gmt":"2025-05-08T12:32:12","guid":{"rendered":"https:\/\/tvc16.com\/portal\/?p=103854"},"modified":"2025-05-08T09:32:49","modified_gmt":"2025-05-08T12:32:49","slug":"stj-autoriza-mudanca-de-registro-civil-para-genero-neutro","status":"publish","type":"post","link":"https:\/\/tvc16.com\/portal\/2025\/05\/08\/stj-autoriza-mudanca-de-registro-civil-para-genero-neutro\/","title":{"rendered":"STJ autoriza mudan\u00e7a de registro civil para g\u00eanero neutro"},"content":{"rendered":"\n<p>Decis\u00e3o vale para caso espec\u00edfico de pessoa que pediu altera\u00e7\u00e3o<\/p>\n\n\n\n<p>O Superior Tribunal de Justi\u00e7a (STJ) autorizou a mudan\u00e7a de registro civil para constar o g\u00eanero neutro na certid\u00e3o de nascimento.<img decoding=\"async\" src=\"https:\/\/agenciabrasil.ebc.com.br\/ebc.png?id=1641884&amp;o=node\"><img decoding=\"async\" src=\"https:\/\/agenciabrasil.ebc.com.br\/ebc.gif?id=1641884&amp;o=node\"><\/p>\n\n\n\n<p>A decis\u00e3o \u00e9 in\u00e9dita no pa\u00eds e foi autorizada pela Terceira Turma do STJ durante julgamento ocorrido nesta ter\u00e7a-feira (6).<\/p>\n\n\n\n<p><strong>A autoriza\u00e7\u00e3o vale para o caso espec\u00edfico de uma pessoa que pediu altera\u00e7\u00e3o para o g\u00eanero masculino ap\u00f3s realizar tratamento hormonal, mas se arrependeu ap\u00f3s n\u00e3o se sentir bem com o novo g\u00eanero.&nbsp;&nbsp;<\/strong><\/p>\n\n\n\n<p>Diante da situa\u00e7\u00e3o, ela solicitou ao STJ a altera\u00e7\u00e3o para g\u00eanero neutro &#8211; quem n\u00e3o se identifica com o g\u00eanero masculino ou feminino.\u00a0<br><strong>Os detalhes do caso n\u00e3o foram divulgados, porque o processo est\u00e1 em segredo de Justi\u00e7a.\u00a0<\/strong><\/p>\n\n\n\n<p>Durante o julgamento, a ministra Nancy Andrighi destacou a situa\u00e7\u00e3o vivida pela parte que solicitou a altera\u00e7\u00e3o.<\/p>\n\n\n\n<blockquote class=\"wp-block-quote is-layout-flow wp-block-quote-is-layout-flow\">\n<p>&#8220;A quest\u00e3o \u00e9 muito dram\u00e1tica. Esse ser humano deve estar sofrendo muito. Sofrer cirurgia, tomar horm\u00f4nios, converter-se naquilo que seria bom para ela e depois se deu conta que n\u00e3o era tamb\u00e9m aquilo [que pensava]&#8221;, afirmou.&nbsp;<\/p>\n<\/blockquote>\n\n\n\n<p>A ministra Daniela Teixeira tamb\u00e9m votou pela autoriza\u00e7\u00e3o por entender que a medida \u00e9 necess\u00e1ria para garantir que conste na certid\u00e3o o g\u00eanero no qual a pessoa se identifica e se apresenta \u00e0 sociedade.<strong>&nbsp;<\/strong><strong>Para a ministra, a pessoa tem &#8220;direito de ser quem \u00e9&#8221;.<\/strong><\/p>\n\n\n\n<blockquote class=\"wp-block-quote is-layout-flow wp-block-quote-is-layout-flow\">\n<p>&#8220;A pessoa trans precisa e merece ser protegida pela sociedade e pelo Judici\u00e1rio. Dar a elas o direito \u00e0 autoidentifica\u00e7\u00e3o \u00e9 garantir o m\u00ednimo de seguran\u00e7a&#8221;, completou.<\/p>\n<\/blockquote>\n","protected":false},"excerpt":{"rendered":"<p>Decis\u00e3o vale para caso espec\u00edfico de pessoa que pediu altera\u00e7\u00e3o O Superior Tribunal de Justi\u00e7a<\/p>\n","protected":false},"author":2,"featured_media":103855,"comment_status":"open","ping_status":"open","sticky":false,"template":"","format":"standard","meta":{"footnotes":""},"categories":[17],"tags":[],"class_list":["post-103854","post","type-post","status-publish","format-standard","has-post-thumbnail","hentry","category-outras-noticias"],"_links":{"self":[{"href":"https:\/\/tvc16.com\/portal\/wp-json\/wp\/v2\/posts\/103854","targetHints":{"allow":["GET"]}}],"collection":[{"href":"https:\/\/tvc16.com\/portal\/wp-json\/wp\/v2\/posts"}],"about":[{"href":"https:\/\/tvc16.com\/portal\/wp-json\/wp\/v2\/types\/post"}],"author":[{"embeddable":true,"href":"https:\/\/tvc16.com\/portal\/wp-json\/wp\/v2\/users\/2"}],"replies":[{"embeddable":true,"href":"https:\/\/tvc16.com\/portal\/wp-json\/wp\/v2\/comments?post=103854"}],"version-history":[{"count":2,"href":"https:\/\/tvc16.com\/portal\/wp-json\/wp\/v2\/posts\/103854\/revisions"}],"predecessor-version":[{"id":103857,"href":"https:\/\/tvc16.com\/portal\/wp-json\/wp\/v2\/posts\/103854\/revisions\/103857"}],"wp:featuredmedia":[{"embeddable":true,"href":"https:\/\/tvc16.com\/portal\/wp-json\/wp\/v2\/media\/103855"}],"wp:attachment":[{"href":"https:\/\/tvc16.com\/portal\/wp-json\/wp\/v2\/media?parent=103854"}],"wp:term":[{"taxonomy":"category","embeddable":true,"href":"https:\/\/tvc16.com\/portal\/wp-json\/wp\/v2\/categories?post=103854"},{"taxonomy":"post_tag","embeddable":true,"href":"https:\/\/tvc16.com\/portal\/wp-json\/wp\/v2\/tags?post=103854"}],"curies":[{"name":"wp","href":"https:\/\/api.w.org\/{rel}","templated":true}]}}