{"id":103858,"date":"2025-05-08T09:34:41","date_gmt":"2025-05-08T12:34:41","guid":{"rendered":"https:\/\/tvc16.com\/portal\/?p=103858"},"modified":"2025-05-08T09:34:42","modified_gmt":"2025-05-08T12:34:42","slug":"governo-do-estado-lanca-2a-edicao-do-bluerio-e-consolida-protagonismo-fluminense-na-economia-azul","status":"publish","type":"post","link":"https:\/\/tvc16.com\/portal\/2025\/05\/08\/governo-do-estado-lanca-2a-edicao-do-bluerio-e-consolida-protagonismo-fluminense-na-economia-azul\/","title":{"rendered":"Governo do Estado lan\u00e7a 2\u00aa edi\u00e7\u00e3o do BlueRio e consolida protagonismo fluminense na Economia Azul"},"content":{"rendered":"\n<p><em>A iniciativa conecta startups de diferentes partes do mundo a empresas e institui\u00e7\u00f5es do ecossistema fluminense, promovendo solu\u00e7\u00f5es sustent\u00e1veis<\/em><\/p>\n\n\n\n<p>O Governo do Estado lan\u00e7ou nesta ter\u00e7a-feira (06\/05) a segunda edi\u00e7\u00e3o do BlueRio, programa colaborativo de inova\u00e7\u00e3o em Economia Azul idealizado pela Secretaria de Estado do Ambiente e Sustentabilidade do Rio de Janeiro em parceria com a consultoria de inova\u00e7\u00e3o aberta Beta-i Brasil. A iniciativa conecta startups de diferentes partes do mundo a empresas e institui\u00e7\u00f5es do ecossistema fluminense, promovendo solu\u00e7\u00f5es sustent\u00e1veis para o uso inteligente dos recursos h\u00eddricos e marinhos. Ao todo, 60 startups ser\u00e3o selecionadas na primeira etapa.<\/p>\n\n\n\n<p>\u2013 O BlueRio \u00e9 mais uma prova de que o Rio de Janeiro est\u00e1 preparado para liderar a nova economia do s\u00e9culo 21: sustent\u00e1vel, inteligente e conectada com o futuro. Estamos atraindo talentos, movimentando o ecossistema de inova\u00e7\u00e3o e gerando oportunidades reais para quem cuida do meio ambiente. O futuro come\u00e7a aqui, e come\u00e7a agora \u2013 declarou o governador Cl\u00e1udio Castro.&nbsp;<\/p>\n\n\n\n<p><strong>Cronograma<\/strong><\/p>\n\n\n\n<p>A expectativa \u00e9 divulgar o edital at\u00e9 o fim de maio. Ap\u00f3s o per\u00edodo de inscri\u00e7\u00f5es e a sele\u00e7\u00e3o das 60 startups, 30 ir\u00e3o seguir para uma segunda fase: um bootcamp, que dever\u00e1 ser realizado em agosto, onde os empreendedores ter\u00e3o uma mentoria presencial para refinar as ideias, ajustar os modelos de neg\u00f3cio e alinhar os principais objetivos com investidores ou parceiros.<\/p>\n\n\n\n<p>\u2013 O Rio de Janeiro est\u00e1 na vanguarda das pol\u00edticas ambientais. Nosso governo nunca diz \u2018n\u00e3o\u2019 para o meio ambiente. Estamos liderando uma transforma\u00e7\u00e3o, com grandes investimentos em sustentabilidade, saneamento e inova\u00e7\u00e3o. O compromisso \u00e9 fazer do Rio uma refer\u00eancia global em desenvolvimento sustent\u00e1vel \u2013 afirma o secret\u00e1rio do Ambiente, Bernardo Rossi.<\/p>\n\n\n\n<p>Na segunda edi\u00e7\u00e3o do BlueRio, os parceiros est\u00e3o organizados em torno de seis macro \u00e1reas de impacto: Saneamento; Portos, Navega\u00e7\u00e3o e Log\u00edstica; Sustentabilidade e Clima; Energia Sustent\u00e1vel; Turismo; e Bioeconomia. Entre os participantes dessa vers\u00e3o 2.0 do programa, est\u00e3o nomes de peso como Porto Sudeste, Cisbra\/Caerj, Porto do A\u00e7u, GALP, Funda\u00e7\u00e3o Grupo Botic\u00e1rio, \u00c1guas do Rio, Cedae, OceanPact, Prefeitura municipal de Cabo Frio e Wilson Sons.<\/p>\n\n\n\n<p><strong>Estrutura do programa<\/strong><\/p>\n\n\n\n<p>O diferencial deste programa est\u00e1 no modelo colaborativo. As empresas parceiras participam do mapeamento dos desafios estrat\u00e9gicos at\u00e9 o desenvolvimento de provas de conceito junto \u00e0s startups, chegando a solu\u00e7\u00f5es adaptadas \u00e0 realidade local com potencial de escala global.<\/p>\n\n\n\n<p>A estrutura do programa \u00e9 composta por cinco etapas, que v\u00e3o da identifica\u00e7\u00e3o de desafios priorit\u00e1rios at\u00e9 a valida\u00e7\u00e3o de solu\u00e7\u00f5es com startups nacionais e internacionais. Na primeira edi\u00e7\u00e3o, realizada entre os anos de 2023 e 2024, o projeto BlueRio j\u00e1 demonstrou a sua capacidade de gerar impacto alinhado aos Objetivos de Desenvolvimento Sustent\u00e1vel (ODS) da ONU, especialmente nas \u00e1reas de seguran\u00e7a h\u00eddrica, saneamento e educa\u00e7\u00e3o ambiental. Na ocasi\u00e3o, cerca de 290 startups se inscreveram para participar, sendo 32% delas brasileiras.<\/p>\n\n\n\n<p>\u2013 Nesta etapa, al\u00e9m de fortalecermos a colabora\u00e7\u00e3o entre empresas, institui\u00e7\u00f5es e startups para o desenvolvimento de solu\u00e7\u00f5es inovadoras, ampliaremos o impacto com a\u00e7\u00f5es voltadas \u00e0 forma\u00e7\u00e3o de novos empreendedores, por meio de um programa focado na capacita\u00e7\u00e3o de jovens e em temas socioambientais \u2013 diz Andr\u00e9 Nunes, Managing Partner da Beta-i Brasil.<\/p>\n","protected":false},"excerpt":{"rendered":"<p>A iniciativa conecta startups de diferentes partes do mundo a empresas e institui\u00e7\u00f5es do ecossistema<\/p>\n","protected":false},"author":2,"featured_media":103859,"comment_status":"open","ping_status":"open","sticky":false,"template":"","format":"standard","meta":{"footnotes":""},"categories":[17],"tags":[],"class_list":["post-103858","post","type-post","status-publish","format-standard","has-post-thumbnail","hentry","category-outras-noticias"],"_links":{"self":[{"href":"https:\/\/tvc16.com\/portal\/wp-json\/wp\/v2\/posts\/103858","targetHints":{"allow":["GET"]}}],"collection":[{"href":"https:\/\/tvc16.com\/portal\/wp-json\/wp\/v2\/posts"}],"about":[{"href":"https:\/\/tvc16.com\/portal\/wp-json\/wp\/v2\/types\/post"}],"author":[{"embeddable":true,"href":"https:\/\/tvc16.com\/portal\/wp-json\/wp\/v2\/users\/2"}],"replies":[{"embeddable":true,"href":"https:\/\/tvc16.com\/portal\/wp-json\/wp\/v2\/comments?post=103858"}],"version-history":[{"count":1,"href":"https:\/\/tvc16.com\/portal\/wp-json\/wp\/v2\/posts\/103858\/revisions"}],"predecessor-version":[{"id":103860,"href":"https:\/\/tvc16.com\/portal\/wp-json\/wp\/v2\/posts\/103858\/revisions\/103860"}],"wp:featuredmedia":[{"embeddable":true,"href":"https:\/\/tvc16.com\/portal\/wp-json\/wp\/v2\/media\/103859"}],"wp:attachment":[{"href":"https:\/\/tvc16.com\/portal\/wp-json\/wp\/v2\/media?parent=103858"}],"wp:term":[{"taxonomy":"category","embeddable":true,"href":"https:\/\/tvc16.com\/portal\/wp-json\/wp\/v2\/categories?post=103858"},{"taxonomy":"post_tag","embeddable":true,"href":"https:\/\/tvc16.com\/portal\/wp-json\/wp\/v2\/tags?post=103858"}],"curies":[{"name":"wp","href":"https:\/\/api.w.org\/{rel}","templated":true}]}}