{"id":103867,"date":"2025-05-09T05:00:00","date_gmt":"2025-05-09T08:00:00","guid":{"rendered":"https:\/\/tvc16.com\/portal\/?p=103867"},"modified":"2025-05-08T17:15:57","modified_gmt":"2025-05-08T20:15:57","slug":"dia-d-contra-a-gripe-influenza-acontece-neste-sabado","status":"publish","type":"post","link":"https:\/\/tvc16.com\/portal\/2025\/05\/09\/dia-d-contra-a-gripe-influenza-acontece-neste-sabado\/","title":{"rendered":"Dia \u201cD\u201d contra a gripe Influenza acontece neste s\u00e1bado"},"content":{"rendered":"\n<p>O Dia D de vacina\u00e7\u00e3o contra a gripe Influenza acontece neste s\u00e1bado (10\/05). A a\u00e7\u00e3o, promovida pela Prefeitura, vai mobilizar 49 postos de sa\u00fade do munic\u00edpio, das 9h \u00e0s 17h. Desde o dia 2 de abril, o imunizante j\u00e1 estava dispon\u00edvel em 16 salas de vacina\u00e7\u00e3o da rede municipal.<\/p>\n\n\n\n<p>\u201cA proposta do dia D \u00e9 ampliar a oferta da vacina para facilitar o acesso da popula\u00e7\u00e3o que precisa se imunizar e \u00e9 muito importante que as pessoas do grupo priorit\u00e1rio estejam protegidas o quanto antes\u201d, comentou o prefeito Hingo Hammes.<\/p>\n\n\n\n<p>A vacina deste ano \u00e9 trivalente (fragmentada e inativada) e protege contra os v\u00edrus tipo A\/H1N1, A\/H3N2 e B. O munic\u00edpio de Petr\u00f3polis aplicou, at\u00e9 o dia seis de maio, 18.291 vacinas contra a Influenza, o que representa pouco mais de 21% do p\u00fablico-alvo. Para este dia D foram disponibilizadas 25 mil doses da vacina.<\/p>\n\n\n\n<p>\u201cEstamos nos aproximando do per\u00edodo mais frio do ano, quando o v\u00edrus est\u00e1 em circula\u00e7\u00e3o, a vacina leva de 10 a 14 dias para garantir a imuniza\u00e7\u00e3o e por isso \u00e9 t\u00e3o importante se vacinar o quanto antes\u201d, explica o secret\u00e1rio de Sa\u00fade, Lu\u00eds Cruzick.<\/p>\n\n\n\n<p>A influenza \u00e9 uma infec\u00e7\u00e3o respirat\u00f3ria viral aguda de elevada transmissibilidade. A vacina possui capacidade de promover imunidade durante o per\u00edodo de maior circula\u00e7\u00e3o dos v\u00edrus, reduzindo o agravamento da doen\u00e7a, as interna\u00e7\u00f5es e o n\u00famero de \u00f3bitos. Este ano, a vacina contra influenza passa a fazer parte do Calend\u00e1rio Nacional de Vacina\u00e7\u00e3o para crian\u00e7as a partir de 6 meses a menores de 6 anos de idade (5 anos, 11 meses e 29 dias), idosos com 60 anos ou mais e gestantes.<\/p>\n\n\n\n<p>Veja quais s\u00e3o os grupos priorit\u00e1rios<\/p>\n\n\n\n<ul class=\"wp-block-list\">\n<li>Crian\u00e7as de 6 meses a menores de 6 anos de idade (5 anos, 11 meses e 29 dias)<\/li>\n\n\n\n<li>Gestantes, idosos com 60 anos ou mais de idade<\/li>\n\n\n\n<li>Pu\u00e9rperas, povos ind\u00edgenas, quilombolas, pessoas em situa\u00e7\u00e3o de rua, trabalhadores da sa\u00fade, professores do ensino b\u00e1sico e superior, profissionais das for\u00e7as de seguran\u00e7a e salvamento, profissionais das for\u00e7as armadas, pessoas com defici\u00eancia permanente, caminhoneiros, trabalhadores de transporte coletivo rodovi\u00e1rio para passageiros urbanos e de longo curso, trabalhadores portu\u00e1rios, trabalhadores dos correios, popula\u00e7\u00e3o privada de liberdade e funcion\u00e1rios do sistema de priva\u00e7\u00e3o de liberdade, adolescentes e jovens de 12 a 21 anos de idade sob medidas socioeducativas, pessoas com doen\u00e7as cr\u00f4nicas n\u00e3o transmiss\u00edveis e outras condi\u00e7\u00f5es cl\u00ednicas especiais, independentemente da idade.<\/li>\n<\/ul>\n\n\n\n<p>Confira a lista de postos que v\u00e3o participar do dia D de vacina\u00e7\u00e3o contra a Influenza:<\/p>\n\n\n\n<p>ESF 1\u00ba de Maio<br>ESF 24 de Maio<br>ESF \u00c1guas Lindas<br>ESF Alto da Serra<br>ESF Alto Sim\u00e9ria<br>ESF Amazonas<br>Ambulat\u00f3rio Escola &#8211; AMBE<br>UBS Araras<br>UBS Bairro da Gl\u00f3ria<br>ESF Bataillard<br>ESF Boa Esperan\u00e7a<br>ESF Bonfim<br>ESF Brejal<br>ESF Carangola<br>ESF Castelo S\u00e3o Manoel<br>ESF Castrioto<br>ESF Caxambu &#8211; Santa Isabela<br>ESF Caxambu &#8211; S\u00e3o Manoel<br>Centro de Saude Coletiva<br>DR Thouzet<br>ESF Fazenda Inglesa<br>Hospital Alcides Carneiro<br>UBS Itaipava<br>Centro de Saude Itamarati<br>ESF Jardim Salvador<br>ESF Lajinha<br>ESF Machado Fagundes<br>ESF Meio da Serra<br>ESF Menino Jesus<br>ESF Moinho Preto<br>UBS Morin<br>UBS Mosela<br>ESF Oswaldo Cruz<br>ESF Pedras Brancas<br>UBS Pedro do Rio<br>ESF Posse<br>UBS Quitandinha<br>UBS Retiro<br>ESF Sant\u00edssima Trindade<br>ESF S\u00e3o Jo\u00e3o Batista<br>ESF S\u00e3o Sebasti\u00e3o<br>ESF Sargento Boening<br>ESF Secret\u00e1rio<br>UBS Independ\u00eancia<br>ESF Vale das Videiras<br>ESF Vale do Carangola<br>ESF Vicenzo Rivetti<br>ESF Vila Felipe<br>ESF Vila Rica<br>ESF Vila Sa\u00fade<\/p>\n\n\n\n<p>Foto: \u00a9 Marcelo Camargo\/Ag\u00eancia Brasil<br><\/p>\n","protected":false},"excerpt":{"rendered":"<p>O Dia D de vacina\u00e7\u00e3o contra a gripe Influenza acontece neste s\u00e1bado (10\/05). A a\u00e7\u00e3o,<\/p>\n","protected":false},"author":2,"featured_media":103870,"comment_status":"open","ping_status":"open","sticky":false,"template":"","format":"standard","meta":{"footnotes":""},"categories":[12],"tags":[],"class_list":["post-103867","post","type-post","status-publish","format-standard","has-post-thumbnail","hentry","category-cidade"],"_links":{"self":[{"href":"https:\/\/tvc16.com\/portal\/wp-json\/wp\/v2\/posts\/103867","targetHints":{"allow":["GET"]}}],"collection":[{"href":"https:\/\/tvc16.com\/portal\/wp-json\/wp\/v2\/posts"}],"about":[{"href":"https:\/\/tvc16.com\/portal\/wp-json\/wp\/v2\/types\/post"}],"author":[{"embeddable":true,"href":"https:\/\/tvc16.com\/portal\/wp-json\/wp\/v2\/users\/2"}],"replies":[{"embeddable":true,"href":"https:\/\/tvc16.com\/portal\/wp-json\/wp\/v2\/comments?post=103867"}],"version-history":[{"count":1,"href":"https:\/\/tvc16.com\/portal\/wp-json\/wp\/v2\/posts\/103867\/revisions"}],"predecessor-version":[{"id":103871,"href":"https:\/\/tvc16.com\/portal\/wp-json\/wp\/v2\/posts\/103867\/revisions\/103871"}],"wp:featuredmedia":[{"embeddable":true,"href":"https:\/\/tvc16.com\/portal\/wp-json\/wp\/v2\/media\/103870"}],"wp:attachment":[{"href":"https:\/\/tvc16.com\/portal\/wp-json\/wp\/v2\/media?parent=103867"}],"wp:term":[{"taxonomy":"category","embeddable":true,"href":"https:\/\/tvc16.com\/portal\/wp-json\/wp\/v2\/categories?post=103867"},{"taxonomy":"post_tag","embeddable":true,"href":"https:\/\/tvc16.com\/portal\/wp-json\/wp\/v2\/tags?post=103867"}],"curies":[{"name":"wp","href":"https:\/\/api.w.org\/{rel}","templated":true}]}}