{"id":103868,"date":"2025-05-08T16:59:26","date_gmt":"2025-05-08T19:59:26","guid":{"rendered":"https:\/\/tvc16.com\/portal\/?p=103868"},"modified":"2025-05-08T16:59:26","modified_gmt":"2025-05-08T19:59:26","slug":"mprj-requer-a-justica-antecipacao-da-pericia-em-parque-de-diversoes-em-petropolis","status":"publish","type":"post","link":"https:\/\/tvc16.com\/portal\/2025\/05\/08\/mprj-requer-a-justica-antecipacao-da-pericia-em-parque-de-diversoes-em-petropolis\/","title":{"rendered":"MPRJ requer \u00e0 Justi\u00e7a antecipa\u00e7\u00e3o da per\u00edcia em parque de divers\u00f5es em Petr\u00f3polis"},"content":{"rendered":"\n<p>O Minist\u00e9rio P\u00fablico do Estado do Rio de Janeiro (MPRJ), por meio da 2\u00aa Promotoria de Tutela Coletiva do N\u00facleo Petr\u00f3polis, prop\u00f4s, nesta quinta-feira (08\/05), a\u00e7\u00e3o probat\u00f3ria aut\u00f4noma em face da Crazy Park Ltda, requerendo que seja deferida a produ\u00e7\u00e3o antecipada de prova pericial no parque de divers\u00f5es montado no Parque Municipal Paulo Rattes, em Itaipava. <\/p>\n\n\n\n<p>O pedido de antecipa\u00e7\u00e3o encontra respaldo no receio de que a produ\u00e7\u00e3o de tais provas periciais venha a se tornar dif\u00edcil ou imposs\u00edvel, uma vez que as atra\u00e7\u00f5es do parque est\u00e3o em local aberto, exposto a intemp\u00e9ries que podem modificar as condi\u00e7\u00f5es do objeto a ser periciado. O local \u00e9 tamb\u00e9m de f\u00e1cil acesso, favorecendo eventuais altera\u00e7\u00f5es culposas ou dolosas do cen\u00e1rio.<\/p>\n\n\n\n<p>Aponta o MPRJ que, na manh\u00e3 desta quinta (08\/05), por volta de 06h20, ao realizar monitoramento do Parque de Exposi\u00e7\u00f5es de Itaipava, a Guarda Municipal avistou dois indiv\u00edduos subindo as portas do rol principal. Um deles se identificou um deles como engenheiro mec\u00e2nico e que faria per\u00edcia no local. A GM conduziu o indiv\u00edduo \u00e0 106\u00aa DP e ali foi lavrado o Registro de Ocorr\u00eancia 106-01796\/2025. <\/p>\n\n\n\n<p>Ocorre que o mesmo vem a ser o engenheiro respons\u00e1vel pela Anota\u00e7\u00e3o de Responsabilidade de libera\u00e7\u00e3o da montagem das atra\u00e7\u00f5es do pr\u00f3prio parque, o que refor\u00e7a a suspeita de que a a\u00e7\u00e3o, na verdade, tinha como objetivo promover altera\u00e7\u00f5es ou mesmo a desmontagem dos equipamentos ali instalados.<\/p>\n\n\n\n<p>Vale lembrar que, em 05\/05, foi proposto perante a Justi\u00e7a Procedimento de Tutela Provis\u00f3ria em Car\u00e1ter Antecedente, com objetivo principal, dentre outros pedidos, justamente de proibir a desmontagem e retirada do maquin\u00e1rio &#8211; atra\u00e7\u00f5es, brinquedos e outras instala\u00e7\u00f5es &#8211; do Crazy Park, bem como qualquer altera\u00e7\u00e3o de local, sem autoriza\u00e7\u00e3o expressa do Poder Judici\u00e1rio, at\u00e9 que sejam realizadas todas as per\u00edcias c\u00edveis e penais necess\u00e1rias para apura\u00e7\u00e3o das condi\u00e7\u00f5es de funcionamento do mesmo &#8211; confira mat\u00e9ria AQUI. Registre-se que, no momento, o parque encontra-se ainda interditado tanto pela Pol\u00edcia Civil, como pelo Corpo de Bombeiros.<\/p>\n\n\n\n<p>Diante dos fatos, o MPRJ requer \u00e0 Justi\u00e7a a designa\u00e7\u00e3o de perito engenheiro mec\u00e2nico e de perito engenheiro el\u00e9trico, para responder aos quesitos apresentados; que seja determinado ao CREA-RJ, por sua equipe de fiscaliza\u00e7\u00e3o, a realiza\u00e7\u00e3o da mesma, de forma a agilizar a per\u00edcia e reduzir custos; e a cita\u00e7\u00e3o do r\u00e9u para acompanhar a produ\u00e7\u00e3o da prova, e, querendo, apresentar impugna\u00e7\u00e3o no prazo legal, entre outas medidas. <\/p>\n\n\n\n<p>O MPRJ requer que a per\u00edcia esclare\u00e7a diversos pontos das condi\u00e7\u00f5es de funcionamento do parque, como estado das instala\u00e7\u00f5es el\u00e9tricas, sinaliza\u00e7\u00e3o de restri\u00e7\u00f5es de utiliza\u00e7\u00e3o (como altura m\u00ednima e faixa et\u00e1ria), equipamentos de seguran\u00e7a, realiza\u00e7\u00e3o regular de testes e treinamento dos operadores dos brinquedos, entre outros.<\/p>\n\n\n\n<p>Foto: divulga\u00e7\u00e3o<\/p>\n","protected":false},"excerpt":{"rendered":"<p>O Minist\u00e9rio P\u00fablico do Estado do Rio de Janeiro (MPRJ), por meio da 2\u00aa Promotoria<\/p>\n","protected":false},"author":2,"featured_media":103596,"comment_status":"open","ping_status":"open","sticky":false,"template":"","format":"standard","meta":{"footnotes":""},"categories":[12],"tags":[],"class_list":["post-103868","post","type-post","status-publish","format-standard","has-post-thumbnail","hentry","category-cidade"],"_links":{"self":[{"href":"https:\/\/tvc16.com\/portal\/wp-json\/wp\/v2\/posts\/103868","targetHints":{"allow":["GET"]}}],"collection":[{"href":"https:\/\/tvc16.com\/portal\/wp-json\/wp\/v2\/posts"}],"about":[{"href":"https:\/\/tvc16.com\/portal\/wp-json\/wp\/v2\/types\/post"}],"author":[{"embeddable":true,"href":"https:\/\/tvc16.com\/portal\/wp-json\/wp\/v2\/users\/2"}],"replies":[{"embeddable":true,"href":"https:\/\/tvc16.com\/portal\/wp-json\/wp\/v2\/comments?post=103868"}],"version-history":[{"count":1,"href":"https:\/\/tvc16.com\/portal\/wp-json\/wp\/v2\/posts\/103868\/revisions"}],"predecessor-version":[{"id":103869,"href":"https:\/\/tvc16.com\/portal\/wp-json\/wp\/v2\/posts\/103868\/revisions\/103869"}],"wp:featuredmedia":[{"embeddable":true,"href":"https:\/\/tvc16.com\/portal\/wp-json\/wp\/v2\/media\/103596"}],"wp:attachment":[{"href":"https:\/\/tvc16.com\/portal\/wp-json\/wp\/v2\/media?parent=103868"}],"wp:term":[{"taxonomy":"category","embeddable":true,"href":"https:\/\/tvc16.com\/portal\/wp-json\/wp\/v2\/categories?post=103868"},{"taxonomy":"post_tag","embeddable":true,"href":"https:\/\/tvc16.com\/portal\/wp-json\/wp\/v2\/tags?post=103868"}],"curies":[{"name":"wp","href":"https:\/\/api.w.org\/{rel}","templated":true}]}}