{"id":103872,"date":"2025-05-09T05:00:00","date_gmt":"2025-05-09T08:00:00","guid":{"rendered":"https:\/\/tvc16.com\/portal\/?p=103872"},"modified":"2025-05-08T17:30:41","modified_gmt":"2025-05-08T20:30:41","slug":"petropolis-night-run-abre-inscricoes-nesta-sexta-com-novidades-para-2025","status":"publish","type":"post","link":"https:\/\/tvc16.com\/portal\/2025\/05\/09\/petropolis-night-run-abre-inscricoes-nesta-sexta-com-novidades-para-2025\/","title":{"rendered":"Petr\u00f3polis Night Run abre inscri\u00e7\u00f5es nesta sexta com novidades para 2025"},"content":{"rendered":"\n<p>A 12\u00aa edi\u00e7\u00e3o da Petr\u00f3polis Night Run abre inscri\u00e7\u00f5es nesta sexta-feira (9), \u00e0s 9h. A prova ser\u00e1 realizada no dia 25 de outubro, com percursos de 5km e 10km pelas ruas do Centro de Petr\u00f3polis.<\/p>\n\n\n\n<p>Considerada a maior corrida noturna da regi\u00e3o serrana do Rio, o evento re\u00fane atletas de v\u00e1rias partes do estado e do pa\u00eds. Neste ano, a corrida traz novidades como kits atualizados, estrutura ampliada e mudan\u00e7a de data, passando de novembro para outubro.<\/p>\n\n\n\n<p>\u201cAs pessoas buscam mais do que a competi\u00e7\u00e3o. A prova \u00e9 tamb\u00e9m uma experi\u00eancia de conviv\u00eancia e supera\u00e7\u00e3o. E cada edi\u00e7\u00e3o \u00e9 planejada com aten\u00e7\u00e3o a esses detalhes\u201d, afirma Vicente Ricardo, diretor da Vtrainer Eventos Esportivos, organizadora da corrida.<\/p>\n\n\n\n<p>Segundo Felipe Vizeu, tamb\u00e9m da Vtrainer, a altera\u00e7\u00e3o no calend\u00e1rio foi pensada para melhorar o desempenho dos atletas e permitir uma organiza\u00e7\u00e3o mais eficiente.<\/p>\n\n\n\n<p>Outra novidade deste ano \u00e9 a inclus\u00e3o da prova no Ranking de Corridas de Petr\u00f3polis. A dist\u00e2ncia de 10km passa a contar pontos para o ranking municipal de corridas, incentivando a participa\u00e7\u00e3o de corredores da cidade e da regi\u00e3o.<\/p>\n\n\n\n<p>As inscri\u00e7\u00f5es estar\u00e3o dispon\u00edveis exclusivamente pelo link divulgado no Instagram oficial do evento: @petropolisnightrun, com vagas limitadas de acordo com os lotes promocionais.<\/p>\n\n\n\n<p>A equipe da Vtrainer tamb\u00e9m \u00e9 respons\u00e1vel pela Meia Maratona de Petr\u00f3polis, que ter\u00e1 sua segunda edi\u00e7\u00e3o em 2025. A prova ser\u00e1 realizada entre o Quitandinha e Itaipava, com percursos de 7km e 21km. As inscri\u00e7\u00f5es j\u00e1 est\u00e3o abertas.<\/p>\n\n\n\n<p>Mais informa\u00e7\u00f5es:<br>Instagram: @petropolisnightrun<\/p>\n\n\n\n<p>Foto: divulga\u00e7\u00e3o<\/p>\n","protected":false},"excerpt":{"rendered":"<p>A 12\u00aa edi\u00e7\u00e3o da Petr\u00f3polis Night Run abre inscri\u00e7\u00f5es nesta sexta-feira (9), \u00e0s 9h. A<\/p>\n","protected":false},"author":2,"featured_media":103873,"comment_status":"open","ping_status":"open","sticky":false,"template":"","format":"standard","meta":{"footnotes":""},"categories":[12],"tags":[],"class_list":["post-103872","post","type-post","status-publish","format-standard","has-post-thumbnail","hentry","category-cidade"],"_links":{"self":[{"href":"https:\/\/tvc16.com\/portal\/wp-json\/wp\/v2\/posts\/103872","targetHints":{"allow":["GET"]}}],"collection":[{"href":"https:\/\/tvc16.com\/portal\/wp-json\/wp\/v2\/posts"}],"about":[{"href":"https:\/\/tvc16.com\/portal\/wp-json\/wp\/v2\/types\/post"}],"author":[{"embeddable":true,"href":"https:\/\/tvc16.com\/portal\/wp-json\/wp\/v2\/users\/2"}],"replies":[{"embeddable":true,"href":"https:\/\/tvc16.com\/portal\/wp-json\/wp\/v2\/comments?post=103872"}],"version-history":[{"count":1,"href":"https:\/\/tvc16.com\/portal\/wp-json\/wp\/v2\/posts\/103872\/revisions"}],"predecessor-version":[{"id":103874,"href":"https:\/\/tvc16.com\/portal\/wp-json\/wp\/v2\/posts\/103872\/revisions\/103874"}],"wp:featuredmedia":[{"embeddable":true,"href":"https:\/\/tvc16.com\/portal\/wp-json\/wp\/v2\/media\/103873"}],"wp:attachment":[{"href":"https:\/\/tvc16.com\/portal\/wp-json\/wp\/v2\/media?parent=103872"}],"wp:term":[{"taxonomy":"category","embeddable":true,"href":"https:\/\/tvc16.com\/portal\/wp-json\/wp\/v2\/categories?post=103872"},{"taxonomy":"post_tag","embeddable":true,"href":"https:\/\/tvc16.com\/portal\/wp-json\/wp\/v2\/tags?post=103872"}],"curies":[{"name":"wp","href":"https:\/\/api.w.org\/{rel}","templated":true}]}}