{"id":103877,"date":"2025-05-09T10:00:23","date_gmt":"2025-05-09T13:00:23","guid":{"rendered":"https:\/\/tvc16.com\/portal\/?p=103877"},"modified":"2025-05-09T10:00:24","modified_gmt":"2025-05-09T13:00:24","slug":"comac-de-petropolis-promove-acoes-educativas-pelo-maio-amarelo-com-criancas-e-adolescentes","status":"publish","type":"post","link":"https:\/\/tvc16.com\/portal\/2025\/05\/09\/comac-de-petropolis-promove-acoes-educativas-pelo-maio-amarelo-com-criancas-e-adolescentes\/","title":{"rendered":"COMAC de Petr\u00f3polis promove a\u00e7\u00f5es educativas pelo Maio Amarelo com crian\u00e7as e adolescentes"},"content":{"rendered":"\n<p>Projetos da institui\u00e7\u00e3o desenvolvem atividades sobre seguran\u00e7a no tr\u00e2nsito e cidadania com foco na conscientiza\u00e7\u00e3o desde a inf\u00e2ncia<\/p>\n\n\n\n<p>A COMAC de Petr\u00f3polis est\u00e1 promovendo uma s\u00e9rie de atividades voltadas \u00e0 conscientiza\u00e7\u00e3o sobre a seguran\u00e7a no tr\u00e2nsito com os alunos atendidos por seus projetos sociais. As a\u00e7\u00f5es integram a programa\u00e7\u00e3o do Maio Amarelo, movimento internacional que busca reduzir o n\u00famero de acidentes e mortes no tr\u00e2nsito por meio da educa\u00e7\u00e3o e do engajamento social.<\/p>\n\n\n\n<p>Criado em 2014, o Maio Amarelo surgiu a partir de uma resolu\u00e7\u00e3o da ONU que estabeleceu a d\u00e9cada de a\u00e7\u00e3o pela seguran\u00e7a no tr\u00e2nsito, com o objetivo de mobilizar governos e sociedade civil em torno de uma pauta urgente: preservar vidas. A cor amarela foi escolhida por remeter \u00e0 sinaliza\u00e7\u00e3o de advert\u00eancia no tr\u00e2nsito, simbolizando aten\u00e7\u00e3o e respeito.<\/p>\n\n\n\n<p>Em Petr\u00f3polis, a COMAC tem trabalhado o tema com diferentes faixas et\u00e1rias e abordagens pedag\u00f3gicas. Na turma do programa Jovem Aprendiz Introdut\u00f3rio, por exemplo, os alunos participaram de rodas de conversa sobre os riscos e cuidados no tr\u00e2nsito e produziram cartazes com mensagens educativas, usando materiais como papel, canetas, l\u00e1pis e cola. \u201cA confec\u00e7\u00e3o dos cartazes foi uma forma criativa e eficaz de transmitir mensagens importantes sobre o tema\u201d, relatou a professora Adriana Valentim.<\/p>\n\n\n\n<p>J\u00e1 na turma ECA, as crian\u00e7as foram ao laborat\u00f3rio de inform\u00e1tica, onde realizaram pesquisas sobre o Maio Amarelo e criaram cartazes digitais. \u201cElas demonstraram compreens\u00e3o sobre a import\u00e2ncia da seguran\u00e7a no tr\u00e2nsito e desenvolveram habilidades em tecnologia, criatividade e reda\u00e7\u00e3o\u201d, destacou Adriana.<\/p>\n\n\n\n<p>As atividades t\u00eam promovido, al\u00e9m do aprendizado sobre cidadania, o desenvolvimento de compet\u00eancias como coopera\u00e7\u00e3o, comunica\u00e7\u00e3o e senso cr\u00edtico. Para a COMAC, a\u00e7\u00f5es como essa refor\u00e7am o compromisso da institui\u00e7\u00e3o com a forma\u00e7\u00e3o integral de crian\u00e7as e adolescentes, alinhando-se a campanhas de relev\u00e2ncia nacional e internacional.<\/p>\n\n\n\n<p>As a\u00e7\u00f5es est\u00e3o inseridas no Servi\u00e7o de Conviv\u00eancia e Fortalecimento de V\u00ednculos Familiares e Comunit\u00e1rios, tipificados pela Pol\u00edtica Nacional de Assist\u00eancia Social e s\u00e3o realizadas no contraturno escolar.<\/p>\n\n\n\n<p>O Maio Amarelo segue ao longo de todo o m\u00eas com outras atividades previstas nos projetos da institui\u00e7\u00e3o, fortalecendo o debate e o envolvimento dos jovens com temas que impactam diretamente o cotidiano urbano.<\/p>\n","protected":false},"excerpt":{"rendered":"<p>Projetos da institui\u00e7\u00e3o desenvolvem atividades sobre seguran\u00e7a no tr\u00e2nsito e cidadania com foco na conscientiza\u00e7\u00e3o<\/p>\n","protected":false},"author":2,"featured_media":103878,"comment_status":"open","ping_status":"open","sticky":false,"template":"","format":"standard","meta":{"footnotes":""},"categories":[12],"tags":[],"class_list":["post-103877","post","type-post","status-publish","format-standard","has-post-thumbnail","hentry","category-cidade"],"_links":{"self":[{"href":"https:\/\/tvc16.com\/portal\/wp-json\/wp\/v2\/posts\/103877","targetHints":{"allow":["GET"]}}],"collection":[{"href":"https:\/\/tvc16.com\/portal\/wp-json\/wp\/v2\/posts"}],"about":[{"href":"https:\/\/tvc16.com\/portal\/wp-json\/wp\/v2\/types\/post"}],"author":[{"embeddable":true,"href":"https:\/\/tvc16.com\/portal\/wp-json\/wp\/v2\/users\/2"}],"replies":[{"embeddable":true,"href":"https:\/\/tvc16.com\/portal\/wp-json\/wp\/v2\/comments?post=103877"}],"version-history":[{"count":1,"href":"https:\/\/tvc16.com\/portal\/wp-json\/wp\/v2\/posts\/103877\/revisions"}],"predecessor-version":[{"id":103879,"href":"https:\/\/tvc16.com\/portal\/wp-json\/wp\/v2\/posts\/103877\/revisions\/103879"}],"wp:featuredmedia":[{"embeddable":true,"href":"https:\/\/tvc16.com\/portal\/wp-json\/wp\/v2\/media\/103878"}],"wp:attachment":[{"href":"https:\/\/tvc16.com\/portal\/wp-json\/wp\/v2\/media?parent=103877"}],"wp:term":[{"taxonomy":"category","embeddable":true,"href":"https:\/\/tvc16.com\/portal\/wp-json\/wp\/v2\/categories?post=103877"},{"taxonomy":"post_tag","embeddable":true,"href":"https:\/\/tvc16.com\/portal\/wp-json\/wp\/v2\/tags?post=103877"}],"curies":[{"name":"wp","href":"https:\/\/api.w.org\/{rel}","templated":true}]}}