{"id":10389,"date":"2021-02-13T19:47:20","date_gmt":"2021-02-13T22:47:20","guid":{"rendered":"https:\/\/tvc16.com\/portal\/?p=10389"},"modified":"2021-02-13T19:47:22","modified_gmt":"2021-02-13T22:47:22","slug":"onibus-lilas-do-centro-de-referencia-em-atendimento-a-mulher-cram-esta-retomando-as-atividades-neste-ano","status":"publish","type":"post","link":"https:\/\/tvc16.com\/portal\/2021\/02\/13\/onibus-lilas-do-centro-de-referencia-em-atendimento-a-mulher-cram-esta-retomando-as-atividades-neste-ano\/","title":{"rendered":"\u00d4nibus Lil\u00e1s, do Centro de Refer\u00eancia em Atendimento \u00e0 Mulher (CRAM), est\u00e1 retomando as atividades neste ano"},"content":{"rendered":"\n<p>Na estrutura, as equipes ofereceram servi\u00e7os multidisciplinares, psic\u00f3logos e aux\u00edlio jur\u00eddico. A ideia \u00e9 acolher e orientar as mulheres, especialmente as v\u00edtimas de viol\u00eancia dom\u00e9stica. Os atendimentos estavam suspensos desde o in\u00edcio da pandemia, em mar\u00e7o de 2020. O ve\u00edculo fez atendimentos das 9h \u00e0s 13h, em frente \u00e0 Escola Municipalizada Santa Terezinha.<\/p>\n\n\n\n<p>Ana Luiza Franco, coordenadora do CRAM, explica que o \u00d4nibus Lil\u00e1s \u00e9 uma estrutura m\u00f3vel, voltada para o atendimento de moradoras em comunidades mais distantes.<\/p>\n\n\n\n<p>\u201cOferecer \u00e0s mulheres um atendimento especial, para que elas se sintam acolhidas e com seus direitos assegurados \u00e9 de suma import\u00e2ncia. Contribui para que mostremos \u00e0s mulheres que elas t\u00eam uma rede de apoio com que podem contar no munic\u00edpio, mesmo em bairros mais distantes\u201d, disse Ana Luiza, explicando que o ve\u00edculo \u00e9 equipado com salas que garantem a privacidade e disp\u00f5e de atendimento multidisciplinar \u00e0s v\u00edtimas de viol\u00eancia.<\/p>\n\n\n\n<p>O \u00f4nibus come\u00e7ou a circular neste s\u00e1bado, dia 13 de fevereiro e os atendimentos acontecem sempre de 9h \u00e0s 14h. Veja o cronograma:<\/p>\n\n\n\n<p>27\/02 \u2013 Pra\u00e7a de Secret\u00e1rio, em Secret\u00e1rio.<br>06\/03 \u2013 Posto de Sa\u00fade da Posse<br>13\/03 \u2013 Posto de Sa\u00fade do Brejal<br>20\/03 \u2013 Escola M. Am\u00e9lia Antunes Rabelo, em Madame Machado<br>27\/03 \u2013 Escola Paulo Montes, em Araras.<br>03\/04 \u2013 Escola Abelardo Delamare, no Caxambu.<\/p>\n","protected":false},"excerpt":{"rendered":"<p>Na estrutura, as equipes ofereceram servi\u00e7os multidisciplinares, psic\u00f3logos e aux\u00edlio jur\u00eddico. A ideia \u00e9 acolher<\/p>\n","protected":false},"author":2,"featured_media":10391,"comment_status":"open","ping_status":"open","sticky":false,"template":"","format":"standard","meta":{"footnotes":""},"categories":[12],"tags":[],"class_list":["post-10389","post","type-post","status-publish","format-standard","has-post-thumbnail","hentry","category-cidade"],"_links":{"self":[{"href":"https:\/\/tvc16.com\/portal\/wp-json\/wp\/v2\/posts\/10389","targetHints":{"allow":["GET"]}}],"collection":[{"href":"https:\/\/tvc16.com\/portal\/wp-json\/wp\/v2\/posts"}],"about":[{"href":"https:\/\/tvc16.com\/portal\/wp-json\/wp\/v2\/types\/post"}],"author":[{"embeddable":true,"href":"https:\/\/tvc16.com\/portal\/wp-json\/wp\/v2\/users\/2"}],"replies":[{"embeddable":true,"href":"https:\/\/tvc16.com\/portal\/wp-json\/wp\/v2\/comments?post=10389"}],"version-history":[{"count":1,"href":"https:\/\/tvc16.com\/portal\/wp-json\/wp\/v2\/posts\/10389\/revisions"}],"predecessor-version":[{"id":10392,"href":"https:\/\/tvc16.com\/portal\/wp-json\/wp\/v2\/posts\/10389\/revisions\/10392"}],"wp:featuredmedia":[{"embeddable":true,"href":"https:\/\/tvc16.com\/portal\/wp-json\/wp\/v2\/media\/10391"}],"wp:attachment":[{"href":"https:\/\/tvc16.com\/portal\/wp-json\/wp\/v2\/media?parent=10389"}],"wp:term":[{"taxonomy":"category","embeddable":true,"href":"https:\/\/tvc16.com\/portal\/wp-json\/wp\/v2\/categories?post=10389"},{"taxonomy":"post_tag","embeddable":true,"href":"https:\/\/tvc16.com\/portal\/wp-json\/wp\/v2\/tags?post=10389"}],"curies":[{"name":"wp","href":"https:\/\/api.w.org\/{rel}","templated":true}]}}