{"id":103894,"date":"2025-05-09T10:15:17","date_gmt":"2025-05-09T13:15:17","guid":{"rendered":"https:\/\/tvc16.com\/portal\/?p=103894"},"modified":"2025-05-09T10:15:18","modified_gmt":"2025-05-09T13:15:18","slug":"camara-aprova-indicacao-legislativa-que-garante-transparencia-nas-escalas-de-plantoes-medicos","status":"publish","type":"post","link":"https:\/\/tvc16.com\/portal\/2025\/05\/09\/camara-aprova-indicacao-legislativa-que-garante-transparencia-nas-escalas-de-plantoes-medicos\/","title":{"rendered":"C\u00e2mara aprova Indica\u00e7\u00e3o Legislativa que garante transpar\u00eancia nas escalas de plant\u00f5es m\u00e9dicos"},"content":{"rendered":"\n<p>Foi aprovada na C\u00e2mara Municipal de Petr\u00f3polis, nesta quarta-feira (08), a indica\u00e7\u00e3o legislativa do vereador J\u00fanior Paix\u00e3o que prop\u00f5e ao Executivo Municipal a cria\u00e7\u00e3o de um projeto de lei voltado \u00e0 transpar\u00eancia das escalas de plant\u00e3o m\u00e9dico nas unidades de sa\u00fade do munic\u00edpio. A proposta tem como objetivo garantir que toda a popula\u00e7\u00e3o tenha acesso claro e atualizado \u00e0s informa\u00e7\u00f5es sobre os profissionais que estar\u00e3o dispon\u00edveis para atendimento em cada local da rede p\u00fablica de sa\u00fade.<\/p>\n\n\n\n<p>De acordo com o texto da indica\u00e7\u00e3o, a futura legisla\u00e7\u00e3o dever\u00e1 obrigar que hospitais, Unidades de Pronto Atendimento (UPAs), prontos-socorros e ambulat\u00f3rios mantenham, em local de f\u00e1cil visualiza\u00e7\u00e3o, cartazes com a escala di\u00e1ria de m\u00e9dicos plantonistas, suas respectivas especialidades e a identifica\u00e7\u00e3o do respons\u00e1vel pela unidade. Tamb\u00e9m dever\u00e3o constar informa\u00e7\u00f5es sobre a exist\u00eancia do livro de reclama\u00e7\u00f5es no local e os canais da ouvidoria da Secretaria Municipal de Sa\u00fade.<\/p>\n\n\n\n<p>Al\u00e9m da fixa\u00e7\u00e3o f\u00edsica das informa\u00e7\u00f5es nas unidades de sa\u00fade, o vereador sugere que os dados tamb\u00e9m sejam disponibilizados no site da Prefeitura de Petr\u00f3polis. O conte\u00fado dever\u00e1 ser atualizado semanalmente e incluir o endere\u00e7o das unidades que atendem pelo SUS, a escala m\u00e9dica com nomes, especialidades, hor\u00e1rios de plant\u00e3o, telefone de contato e os canais da ouvidoria municipal.<\/p>\n\n\n\n<p>A medida surge como resposta \u00e0s frequentes queixas da popula\u00e7\u00e3o sobre a falta de m\u00e9dicos nos plant\u00f5es ou aus\u00eancia de informa\u00e7\u00f5es sobre quais especialidades est\u00e3o dispon\u00edveis em determinado dia. Segundo J\u00fanior Paix\u00e3o, a proposta busca assegurar mais transpar\u00eancia e previsibilidade ao cidad\u00e3o que precisa utilizar os servi\u00e7os de sa\u00fade, al\u00e9m de fortalecer o controle social e a fiscaliza\u00e7\u00e3o por parte da popula\u00e7\u00e3o.<\/p>\n\n\n\n<p>\u201cA falta de informa\u00e7\u00e3o nas unidades de sa\u00fade gera inseguran\u00e7a e frustra\u00e7\u00e3o nos usu\u00e1rios do SUS. Com essa proposta, queremos garantir o direito de cada cidad\u00e3o de saber com clareza quem est\u00e1 dispon\u00edvel para atendimento, em qual hor\u00e1rio e qual \u00e9 o canal adequado para den\u00fancias ou reclama\u00e7\u00f5es. \u00c9 uma iniciativa simples, mas de grande impacto para a qualidade do servi\u00e7o prestado\u201d, afirmou o vereador.<\/p>\n\n\n\n<p>A indica\u00e7\u00e3o ser\u00e1 agora encaminhada ao Poder Executivo, que poder\u00e1 acolher a sugest\u00e3o e elaborar o respectivo projeto de lei. A expectativa \u00e9 de que, com a ades\u00e3o do governo municipal, a proposta avance como uma importante pol\u00edtica de transpar\u00eancia e efici\u00eancia no atendimento p\u00fablico de sa\u00fade em Petr\u00f3polis.<\/p>\n","protected":false},"excerpt":{"rendered":"<p>Foi aprovada na C\u00e2mara Municipal de Petr\u00f3polis, nesta quarta-feira (08), a indica\u00e7\u00e3o legislativa do vereador<\/p>\n","protected":false},"author":2,"featured_media":77330,"comment_status":"open","ping_status":"open","sticky":false,"template":"","format":"standard","meta":{"footnotes":""},"categories":[12],"tags":[],"class_list":["post-103894","post","type-post","status-publish","format-standard","has-post-thumbnail","hentry","category-cidade"],"_links":{"self":[{"href":"https:\/\/tvc16.com\/portal\/wp-json\/wp\/v2\/posts\/103894","targetHints":{"allow":["GET"]}}],"collection":[{"href":"https:\/\/tvc16.com\/portal\/wp-json\/wp\/v2\/posts"}],"about":[{"href":"https:\/\/tvc16.com\/portal\/wp-json\/wp\/v2\/types\/post"}],"author":[{"embeddable":true,"href":"https:\/\/tvc16.com\/portal\/wp-json\/wp\/v2\/users\/2"}],"replies":[{"embeddable":true,"href":"https:\/\/tvc16.com\/portal\/wp-json\/wp\/v2\/comments?post=103894"}],"version-history":[{"count":1,"href":"https:\/\/tvc16.com\/portal\/wp-json\/wp\/v2\/posts\/103894\/revisions"}],"predecessor-version":[{"id":103895,"href":"https:\/\/tvc16.com\/portal\/wp-json\/wp\/v2\/posts\/103894\/revisions\/103895"}],"wp:featuredmedia":[{"embeddable":true,"href":"https:\/\/tvc16.com\/portal\/wp-json\/wp\/v2\/media\/77330"}],"wp:attachment":[{"href":"https:\/\/tvc16.com\/portal\/wp-json\/wp\/v2\/media?parent=103894"}],"wp:term":[{"taxonomy":"category","embeddable":true,"href":"https:\/\/tvc16.com\/portal\/wp-json\/wp\/v2\/categories?post=103894"},{"taxonomy":"post_tag","embeddable":true,"href":"https:\/\/tvc16.com\/portal\/wp-json\/wp\/v2\/tags?post=103894"}],"curies":[{"name":"wp","href":"https:\/\/api.w.org\/{rel}","templated":true}]}}