{"id":103896,"date":"2025-05-09T10:18:48","date_gmt":"2025-05-09T13:18:48","guid":{"rendered":"https:\/\/tvc16.com\/portal\/?p=103896"},"modified":"2025-05-09T10:18:49","modified_gmt":"2025-05-09T13:18:49","slug":"maio-amarelo-governo-do-estado-intensifica-acoes-de-conscientizacao-para-transito-mais-seguro","status":"publish","type":"post","link":"https:\/\/tvc16.com\/portal\/2025\/05\/09\/maio-amarelo-governo-do-estado-intensifica-acoes-de-conscientizacao-para-transito-mais-seguro\/","title":{"rendered":"Maio Amarelo: Governo do Estado intensifica a\u00e7\u00f5es de conscientiza\u00e7\u00e3o para tr\u00e2nsito mais seguro"},"content":{"rendered":"\n<p><br><em>Programa\u00e7\u00e3o segue at\u00e9 o fim do m\u00eas com eventos interativos, palestras e atividades educativas para todas as idades<\/em><\/p>\n\n\n\n<p>O Governo do Estado aderiu ao movimento internacional do Maio Amarelo, de promo\u00e7\u00e3o da seguran\u00e7a no tr\u00e2nsito. Durante todo o m\u00eas, a campanha ganha diferentes localidades com a\u00e7\u00f5es educativas e de conscientiza\u00e7\u00e3o, promovidas por diferentes secretarias e \u00f3rg\u00e3os estaduais. Em 2025, o lema da campanha \u00e9 \u201cDesacelere. Seu bem maior \u00e9 a vida\u201d.<br>-O Maio Amarelo \u00e9 um chamado \u00e0 consci\u00eancia. O Governo do Estado est\u00e1 empenhado em salvar vidas por meio da educa\u00e7\u00e3o e da preven\u00e7\u00e3o. Para o tr\u00e2nsito ser seguro, \u00e9 preciso que cada um fa\u00e7a a sua parte. Com a nossa programa\u00e7\u00e3o buscamos atingir diferentes p\u00fablicos e reduzir cada vez mais os \u00edndices de acidentes \u2013 destaca o governador Cl\u00e1udio Castro.<br>A mobiliza\u00e7\u00e3o do Maio Amarelo teve in\u00edcio no dia 2\/5, com a ilumina\u00e7\u00e3o em amarelo de pontos tur\u00edsticos e pr\u00e9dios p\u00fablicos do Rio. Ainda na primeira semana do m\u00eas, o Detran RJ realizou, na regi\u00e3o da Lapa, a atividade \u201cSopro pela Vida\u201d, levando baf\u00f4metros para fazer testes com os frequentadores de bares e restaurantes e mostrar que \u00e1lcool e dire\u00e7\u00e3o n\u00e3o combinam. Foram montadas tendas no local para a\u00e7\u00f5es educativas com parceiros como Opera\u00e7\u00e3o Lei Seca, Cedae, CET-Rio, Rio \u00d4nibus e Instituto de Traumatologia e Ortopedia (INTO).<br>Nesta quinta-feira (08\/05), o F\u00f3rum Maio Amarelo \u2013 Desacelere, com o tema \u201cOs desafios da mobilidade urbana na cidade do Rio de Janeiro\u201d, no Instituto Nacional de Traumatologia e Ortopedia (INTO), prop\u00f4s uma reflex\u00e3o sobre comportamentos no tr\u00e2nsito, seguran\u00e7a vi\u00e1ria e inclus\u00e3o. A iniciativa contou com a parceria do Detran RJ e da Opera\u00e7\u00e3o Lei Seca (SEGOV).<br>Ao longo do m\u00eas, ainda haver\u00e1 uma simula\u00e7\u00e3o de resgate a v\u00edtimas de acidentes do Detran RJ, em parceria com o Corpo de Bombeiros Militar do Estado. Na a\u00e7\u00e3o haver\u00e1 distribui\u00e7\u00e3o de equipamentos de seguran\u00e7a para motociclistas; atividades educativas voltadas \u00e0s crian\u00e7as e aos ciclistas; palestras em autoescolas, empresas e escolas; Olimp\u00edada de Motoristas, caminhadas culturais; escolinha de tr\u00e2nsito para alunos de escolas p\u00fablicas; e passeio cicl\u00edstico.<br>Tamb\u00e9m como destaque da programa\u00e7\u00e3o, no dia 25\/05, a Quinta da Boa Vista receber\u00e1, das 10h \u00e0s 14h, o evento \u201cDia de Lazer com a Lei Seca\u201d, com atividades voltadas para todas as idades. Haver\u00e1 o Circuito de Alcoolemia, onde adultos poder\u00e3o experimentar os efeitos da embriaguez com \u00f3culos de realidade virtual; apresenta\u00e7\u00e3o da banda Samba Presente, com policiais da Opera\u00e7\u00e3o Seguran\u00e7a Presente; distribui\u00e7\u00e3o de bal\u00f5es; circuito infantil de tr\u00e2nsito com carrinhos e sinaliza\u00e7\u00f5es educativas; e ainda a oportunidade para quem quiser fazer gratuitamente o teste de baf\u00f4metro e entender seu funcionamento.<br>O presidente do Detran RJ, Vinicius Farah, refor\u00e7a o papel da campanha:<br>-O Maio Amarelo \u00e9 fundamental para mobilizar a sociedade em torno da valoriza\u00e7\u00e3o da vida. Temos intensificado nossas a\u00e7\u00f5es educativas, focando na preven\u00e7\u00e3o e mudan\u00e7a de comportamento. Queremos despertar a aten\u00e7\u00e3o de todos para a responsabilidade no tr\u00e2nsito \u2013 pontua Farah.<br>Mais de 8 mil atendimentos de acidentes de tr\u00e2nsito em apenas tr\u00eas meses<br>Nos primeiros tr\u00eas meses do ano, os quatro hospitais da rede estadual que possuem emerg\u00eancia para atendimento de trauma registraram quase 8 mil atendimentos de v\u00edtimas de acidentes de tr\u00e2nsito. Somente no Hospital Estadual Get\u00falio Vargas, na Penha, foram mais de 1.300 atendimentos, sendo 1.164 v\u00edtimas de acidentes de moto. Os dados s\u00e3o da Secretaria de Estado de Sa\u00fade.<br>No mesmo per\u00edodo, segundo o Corpo de Bombeiros Militar do Estado, 72,03% dos acidentes envolveram motos. Motociclistas s\u00e3o as maiores v\u00edtimas do tr\u00e2nsito e a eles ser\u00e1 destinada parte das a\u00e7\u00f5es da campanha. Neste per\u00edodo, os bombeiros foram acionados para 6.261 ocorr\u00eancias de colis\u00e3o entre carros e motos; 3.897 quedas de moto; e 996 acidentes entre motos.<br>No ano passado, houve 23.761 acidentes no estado (13,84% de aumento em rela\u00e7\u00e3o a 2023), com 27.747 feridos (+16,4%) e 2.230 mortos (+10,9%). Cerca de 45% dos acidentes ocorreram na cidade do Rio e outros 34% na Regi\u00e3o Metropolitana.<br>Dados do Detran RJ apontam que 62% dos acidentes no estado em 2024 envolveram homens jovens entre 18 e 29 anos. As vias com maior n\u00famero de ocorr\u00eancias incluem a Avenida Brasil, Rodovia Amaral Peixoto (RJ-106), Presidente Dutra, Avenida das Am\u00e9ricas, Rodovia Washington Lu\u00eds (BR-040), Linha Amarela, Avenida Dom Helder C\u00e2mara, Linha Vermelha, Avenida Presidente Vargas e Avenida Pastor Martin Luther King.<\/p>\n","protected":false},"excerpt":{"rendered":"<p>Programa\u00e7\u00e3o segue at\u00e9 o fim do m\u00eas com eventos interativos, palestras e atividades educativas para<\/p>\n","protected":false},"author":2,"featured_media":103897,"comment_status":"open","ping_status":"open","sticky":false,"template":"","format":"standard","meta":{"footnotes":""},"categories":[17],"tags":[],"class_list":["post-103896","post","type-post","status-publish","format-standard","has-post-thumbnail","hentry","category-outras-noticias"],"_links":{"self":[{"href":"https:\/\/tvc16.com\/portal\/wp-json\/wp\/v2\/posts\/103896","targetHints":{"allow":["GET"]}}],"collection":[{"href":"https:\/\/tvc16.com\/portal\/wp-json\/wp\/v2\/posts"}],"about":[{"href":"https:\/\/tvc16.com\/portal\/wp-json\/wp\/v2\/types\/post"}],"author":[{"embeddable":true,"href":"https:\/\/tvc16.com\/portal\/wp-json\/wp\/v2\/users\/2"}],"replies":[{"embeddable":true,"href":"https:\/\/tvc16.com\/portal\/wp-json\/wp\/v2\/comments?post=103896"}],"version-history":[{"count":1,"href":"https:\/\/tvc16.com\/portal\/wp-json\/wp\/v2\/posts\/103896\/revisions"}],"predecessor-version":[{"id":103898,"href":"https:\/\/tvc16.com\/portal\/wp-json\/wp\/v2\/posts\/103896\/revisions\/103898"}],"wp:featuredmedia":[{"embeddable":true,"href":"https:\/\/tvc16.com\/portal\/wp-json\/wp\/v2\/media\/103897"}],"wp:attachment":[{"href":"https:\/\/tvc16.com\/portal\/wp-json\/wp\/v2\/media?parent=103896"}],"wp:term":[{"taxonomy":"category","embeddable":true,"href":"https:\/\/tvc16.com\/portal\/wp-json\/wp\/v2\/categories?post=103896"},{"taxonomy":"post_tag","embeddable":true,"href":"https:\/\/tvc16.com\/portal\/wp-json\/wp\/v2\/tags?post=103896"}],"curies":[{"name":"wp","href":"https:\/\/api.w.org\/{rel}","templated":true}]}}