{"id":1039,"date":"2020-09-23T13:46:28","date_gmt":"2020-09-23T13:46:28","guid":{"rendered":"https:\/\/tvc16.com\/portal\/?p=1039"},"modified":"2020-09-23T13:46:28","modified_gmt":"2020-09-23T13:46:28","slug":"acao-coletiva-proposta-pelo-procon-rj-obriga-elege-a-indenizar-consumidores","status":"publish","type":"post","link":"https:\/\/tvc16.com\/portal\/2020\/09\/23\/acao-coletiva-proposta-pelo-procon-rj-obriga-elege-a-indenizar-consumidores\/","title":{"rendered":"A\u00e7\u00e3o coletiva proposta pelo Procon-RJ obriga Eleg\u00ea a indenizar consumidores"},"content":{"rendered":"\n<p><em>BRF SA foi condenada a pagar 100 mil reais por danos morais coletivos por leite impr\u00f3prio ao consumo<\/em><\/p>\n\n\n\n<p>O Procon-RJ, autarquia vinculada \u00e0 Secretaria de Desenvolvimento Econ\u00f4mico, obteve \u00eaxito na a\u00e7\u00e3o civil p\u00fablica movida em 2014 em face da fabricante do leite Eleg\u00ea, ap\u00f3s receber reclama\u00e7\u00f5es de consumidores no atendimento e culminar em um processo administrativo. Consumidores poder\u00e3o reivindicar a indeniza\u00e7\u00e3o num prazo de at\u00e9 cinco anos junto ao poder judici\u00e1rio.<\/p>\n\n\n\n<p>A a\u00e7\u00e3o civil p\u00fablica movida em face da empresa BRF S.A foi motivada ap\u00f3s reclama\u00e7\u00e3o de dez consumidores que compraram o leite desnatado Eleg\u00ea em diferentes regi\u00f5es no munic\u00edpio do Rio de janeiro naquele per\u00edodo. Os reclamantes informaram que o produto apresentou gosto amargo e, em alguns casos, apar\u00eancia bem diferente do normal.<\/p>\n\n\n\n<p>Al\u00e9m disso, na \u00e9poca, a empresa BRF, dona da marca de leite Eleg\u00ea, reconheceu problemas que comprometeram a qualidade de 280 mil litros do alimento fabricado em tr\u00eas datas, entre dezembro de 2013 e janeiro de 2014 conforme noticiado por jornais de grande repercuss\u00e3o.<\/p>\n\n\n\n<p>Ap\u00f3s anos de tramita\u00e7\u00e3o a a\u00e7\u00e3o civil p\u00fablica foi definitivamente julgada e a empresa BRF S.A. foi condenada a indenizar os consumidores pelos preju\u00edzos materiais e morais. Al\u00e9m disso, a empresa foi condenada em danos morais coletivos no valor de R$ 100.000,00 (cem mil reais) com as devidas atualiza\u00e7\u00f5es.<\/p>\n\n\n\n<p>O presidente C\u00e1ssio Coelho declara: \u201c\u00c9 importante que o consumidor denuncie \u00e0 autarquia sempre que encontrar um produto impr\u00f3prio ao consumo. Gra\u00e7as \u00e0 a\u00e7\u00e3o judicial movida pelo Procon-RJ, atrav\u00e9s do Dr. Pedro Paulo Soares de Souza, advogado da autarquia, todos os consumidores do Estado do Rio de Janeiro que foram prejudicados com o consumo do leite desnatado Eleg\u00ea naquela situa\u00e7\u00e3o, poder\u00e3o executar a senten\u00e7a coletiva e receber indeniza\u00e7\u00e3o por danos morais e materiais cujo valor ser\u00e1 definido em cada caso individualmente considerado\u201d.<\/p>\n\n\n\n<p>O prazo para o consumidor buscar o Poder Judici\u00e1rio e receber a indeniza\u00e7\u00e3o \u00e9 de cinco anos a contar de 25\/05\/2020, data em que a condena\u00e7\u00e3o judicial na a\u00e7\u00e3o civil p\u00fablica se tornou definitiva.<\/p>\n\n\n\n<p>Fonte: Procon\/RJ<\/p>\n\n\n\n<p>Foto: divulga\u00e7\u00e3o<\/p>\n","protected":false},"excerpt":{"rendered":"<p>BRF SA foi condenada a pagar 100 mil reais por danos morais coletivos por leite<\/p>\n","protected":false},"author":2,"featured_media":1040,"comment_status":"open","ping_status":"open","sticky":false,"template":"","format":"standard","meta":{"footnotes":""},"categories":[17],"tags":[],"class_list":["post-1039","post","type-post","status-publish","format-standard","has-post-thumbnail","hentry","category-outras-noticias"],"_links":{"self":[{"href":"https:\/\/tvc16.com\/portal\/wp-json\/wp\/v2\/posts\/1039","targetHints":{"allow":["GET"]}}],"collection":[{"href":"https:\/\/tvc16.com\/portal\/wp-json\/wp\/v2\/posts"}],"about":[{"href":"https:\/\/tvc16.com\/portal\/wp-json\/wp\/v2\/types\/post"}],"author":[{"embeddable":true,"href":"https:\/\/tvc16.com\/portal\/wp-json\/wp\/v2\/users\/2"}],"replies":[{"embeddable":true,"href":"https:\/\/tvc16.com\/portal\/wp-json\/wp\/v2\/comments?post=1039"}],"version-history":[{"count":1,"href":"https:\/\/tvc16.com\/portal\/wp-json\/wp\/v2\/posts\/1039\/revisions"}],"predecessor-version":[{"id":1041,"href":"https:\/\/tvc16.com\/portal\/wp-json\/wp\/v2\/posts\/1039\/revisions\/1041"}],"wp:featuredmedia":[{"embeddable":true,"href":"https:\/\/tvc16.com\/portal\/wp-json\/wp\/v2\/media\/1040"}],"wp:attachment":[{"href":"https:\/\/tvc16.com\/portal\/wp-json\/wp\/v2\/media?parent=1039"}],"wp:term":[{"taxonomy":"category","embeddable":true,"href":"https:\/\/tvc16.com\/portal\/wp-json\/wp\/v2\/categories?post=1039"},{"taxonomy":"post_tag","embeddable":true,"href":"https:\/\/tvc16.com\/portal\/wp-json\/wp\/v2\/tags?post=1039"}],"curies":[{"name":"wp","href":"https:\/\/api.w.org\/{rel}","templated":true}]}}