{"id":103904,"date":"2025-05-09T10:24:14","date_gmt":"2025-05-09T13:24:14","guid":{"rendered":"https:\/\/tvc16.com\/portal\/?p=103904"},"modified":"2025-05-09T10:24:15","modified_gmt":"2025-05-09T13:24:15","slug":"vale-vai-destinar-r-30-milhoes-a-projetos-culturais-em-todo-o-pais","status":"publish","type":"post","link":"https:\/\/tvc16.com\/portal\/2025\/05\/09\/vale-vai-destinar-r-30-milhoes-a-projetos-culturais-em-todo-o-pais\/","title":{"rendered":"Vale vai destinar R$ 30 milh\u00f5es a projetos culturais em todo o pa\u00eds"},"content":{"rendered":"\n<p>Inscri\u00e7\u00f5es est\u00e3o abertas no site do Instituto Cultural Vale<\/p>\n\n\n\n<p>Est\u00e3o abertas as inscri\u00e7\u00f5es para a Chamada Instituto Cultural Vale 2025, que vai disponibilizar R$ 30 milh\u00f5es a&nbsp;projetos culturais em&nbsp;todo o pa\u00eds, por meio&nbsp;da&nbsp;Lei Federal de Incentivo \u00e0 Cultura. Poder\u00e3o se inscrever pessoas jur\u00eddicas sediadas no territ\u00f3rio brasileiro, com comprovada atua\u00e7\u00e3o na \u00e1rea cultural.<img decoding=\"async\" src=\"https:\/\/agenciabrasil.ebc.com.br\/ebc.png?id=1642116&amp;o=node\"><img decoding=\"async\" src=\"https:\/\/agenciabrasil.ebc.com.br\/ebc.gif?id=1642116&amp;o=node\"><\/p>\n\n\n\n<blockquote class=\"wp-block-quote is-layout-flow wp-block-quote-is-layout-flow\">\n<p>\u201cCom nossa atua\u00e7\u00e3o, buscamos democratizar o acesso \u00e0 arte, incentivar o fortalecimento da economia criativa e apoiar a diversidade de manifesta\u00e7\u00f5es art\u00edsticas do pa\u00eds, entendendo a cultura como ferramenta para transforma\u00e7\u00e3o social e refor\u00e7ando o papel da Vale como maior fomentador de cultura do pa\u00eds\u201d, diz, em nota, o diretor-presidente do Instituto Cultural Vale, Hugo Barreto.<\/p>\n<\/blockquote>\n\n\n\n<p><strong>A sele\u00e7\u00e3o dos patroc\u00ednios&nbsp;ser\u00e1 feita com a participa\u00e7\u00e3o de especialistas externos (profissionais que s\u00e3o refer\u00eancia nas \u00e1reas do edital) e de comiss\u00f5es internas da Vale e do Instituto Cultural Vale.<\/strong><br><br>A Chamada Instituto Cultural Vale faz parte do conjunto de editais lan\u00e7ados pela institui\u00e7\u00e3o para o fomento \u00e0 cultura, em \u00e1reas como m\u00fasica, dan\u00e7a, patrim\u00f4nio imaterial, festividades e projetos de circula\u00e7\u00e3o. Em 2024, a Chamada contemplou 70 projetos em 23 unidades federativas das cinco regi\u00f5es do Brasil. Desde a sua cria\u00e7\u00e3o, em 2020, 289 projetos de todos os estados brasileiros e do Distrito Federal foram selecionados por meio de cinco \u201cchamadas culturais\u201d p\u00fablicas e receberam investimentos de R$ 135 milh\u00f5es em recursos da Lei Federal de Incentivo \u00e0 Cultura.<\/p>\n","protected":false},"excerpt":{"rendered":"<p>Inscri\u00e7\u00f5es est\u00e3o abertas no site do Instituto Cultural Vale Est\u00e3o abertas as inscri\u00e7\u00f5es para a<\/p>\n","protected":false},"author":2,"featured_media":103905,"comment_status":"open","ping_status":"open","sticky":false,"template":"","format":"standard","meta":{"footnotes":""},"categories":[17],"tags":[],"class_list":["post-103904","post","type-post","status-publish","format-standard","has-post-thumbnail","hentry","category-outras-noticias"],"_links":{"self":[{"href":"https:\/\/tvc16.com\/portal\/wp-json\/wp\/v2\/posts\/103904","targetHints":{"allow":["GET"]}}],"collection":[{"href":"https:\/\/tvc16.com\/portal\/wp-json\/wp\/v2\/posts"}],"about":[{"href":"https:\/\/tvc16.com\/portal\/wp-json\/wp\/v2\/types\/post"}],"author":[{"embeddable":true,"href":"https:\/\/tvc16.com\/portal\/wp-json\/wp\/v2\/users\/2"}],"replies":[{"embeddable":true,"href":"https:\/\/tvc16.com\/portal\/wp-json\/wp\/v2\/comments?post=103904"}],"version-history":[{"count":1,"href":"https:\/\/tvc16.com\/portal\/wp-json\/wp\/v2\/posts\/103904\/revisions"}],"predecessor-version":[{"id":103906,"href":"https:\/\/tvc16.com\/portal\/wp-json\/wp\/v2\/posts\/103904\/revisions\/103906"}],"wp:featuredmedia":[{"embeddable":true,"href":"https:\/\/tvc16.com\/portal\/wp-json\/wp\/v2\/media\/103905"}],"wp:attachment":[{"href":"https:\/\/tvc16.com\/portal\/wp-json\/wp\/v2\/media?parent=103904"}],"wp:term":[{"taxonomy":"category","embeddable":true,"href":"https:\/\/tvc16.com\/portal\/wp-json\/wp\/v2\/categories?post=103904"},{"taxonomy":"post_tag","embeddable":true,"href":"https:\/\/tvc16.com\/portal\/wp-json\/wp\/v2\/tags?post=103904"}],"curies":[{"name":"wp","href":"https:\/\/api.w.org\/{rel}","templated":true}]}}