{"id":103907,"date":"2025-05-09T10:27:35","date_gmt":"2025-05-09T13:27:35","guid":{"rendered":"https:\/\/tvc16.com\/portal\/?p=103907"},"modified":"2025-05-09T10:27:36","modified_gmt":"2025-05-09T13:27:36","slug":"secretaria-de-estado-da-mulher-apresenta-plataforma-de-capacitacao-sobre-enfrentamento-ao-assedio-a-produtores-de-eventos","status":"publish","type":"post","link":"https:\/\/tvc16.com\/portal\/2025\/05\/09\/secretaria-de-estado-da-mulher-apresenta-plataforma-de-capacitacao-sobre-enfrentamento-ao-assedio-a-produtores-de-eventos\/","title":{"rendered":"Secretaria de Estado da Mulher apresenta plataforma de capacita\u00e7\u00e3o sobre enfrentamento ao ass\u00e9dio a produtores de eventos"},"content":{"rendered":"\n<p>A Secretaria de Estado da Mulher do Rio de Janeiro (SEM-RJ) participar\u00e1, nesta sexta-feira (09\/05), do 29\u00ba Encontro da Rede de Associados da Apresenta, formada por diversas empresas da ind\u00fastria do entretenimento, no restaurante P\u00e1reo, no Jockey Clube, onde vai divulgar a nova Plataforma de Treinamento do Protocolo \u201cN\u00e3o \u00e9 N\u00e3o! Respeite a Decis\u00e3o\u201d.<\/p>\n\n\n\n<p>A plataforma oferece um treinamento para profissionais que atuam em espa\u00e7os p\u00fablicos e privados de conviv\u00eancia, com foco no enfrentamento ao ass\u00e9dio e \u00e0 importuna\u00e7\u00e3o sexual. A capacita\u00e7\u00e3o tornou-se obrigat\u00f3ria ap\u00f3s a publica\u00e7\u00e3o do Decreto Estadual n\u00ba 49.520, de fevereiro de 2025, que institui o protocolo \u201cN\u00e3o \u00e9 N\u00e3o! Respeite a Decis\u00e3o\u201d e o selo \u201cMulher+Segura\u201d em todo o estado.<\/p>\n\n\n\n<p>O treinamento foca inicialmente em capacitar trabalhadores de bares e restaurantes, que ter\u00e3o 120 dias para concluir a forma\u00e7\u00e3o e implementar as normas previstas.<\/p>\n\n\n\n<p>&#8211; A ades\u00e3o dos donos de bares, restaurantes e promotores de eventos \u00e9 fundamental para transformar esses espa\u00e7os em ambientes verdadeiramente seguros para as mulheres. Com a plataforma, oferecemos um caminho pr\u00e1tico e acess\u00edvel para a forma\u00e7\u00e3o das equipes, mas \u00e9 o engajamento do setor que vai garantir o impacto real. N\u00e3o se trata apenas de cumprir uma obriga\u00e7\u00e3o legal, mas de assumir um compromisso com o respeito, a dignidade e a vida das mulheres fluminenses &nbsp;&#8211; destaca a secret\u00e1ria de Estado da Mulher, Heloisa Aguiar.<\/p>\n\n\n\n<p>A fiscaliza\u00e7\u00e3o do cumprimento do decreto vai come\u00e7ar em 5 de setembro para bares e restaurantes e ser\u00e1 realizada pela Secretaria da Mulher em parceria com o Minist\u00e9rio P\u00fablico do Estado do Rio de Janeiro.<\/p>\n\n\n\n<p>As inscri\u00e7\u00f5es para a capacita\u00e7\u00e3o j\u00e1 est\u00e3o abertas e podem ser feitas pelo site:&nbsp;<a href=\"http:\/\/www.naoenaorj.com.br\/\" target=\"_blank\" rel=\"noreferrer noopener\">www.naoenaorj.com.br<\/a>.<\/p>\n\n\n\n<p><strong>Tecnologia a favor das mulheres<br><\/strong>Desenvolvida em parceria t\u00e9cnica com a Livre de Ass\u00e9dio, a plataforma digital combina valida\u00e7\u00e3o segura de dados, automa\u00e7\u00e3o inteligente e estrat\u00e9gias de engajamento voltadas para adultos. O conte\u00fado inclui orienta\u00e7\u00f5es pr\u00e1ticas sobre preven\u00e7\u00e3o e procedimentos diante de situa\u00e7\u00f5es de viol\u00eancia de g\u00eanero, ass\u00e9dio e importuna\u00e7\u00e3o.<\/p>\n\n\n\n<p>A tecnologia \u00e9 uma das apostas da SEM-RJ para garantir maior controle sobre a capacita\u00e7\u00e3o das equipes e estimular a ades\u00e3o dos estabelecimentos. A pr\u00f3xima etapa ser\u00e1 a implementa\u00e7\u00e3o do selo \u201cMulher+Segura\u201d, concedido aos espa\u00e7os que tiverem ao menos 70% da equipe treinada anualmente e apresentarem um plano cont\u00ednuo de forma\u00e7\u00e3o para novos colaboradores.<\/p>\n\n\n\n<p>Al\u00e9m disso, os estabelecimentos precisar\u00e3o exibir sinaliza\u00e7\u00f5es obrigat\u00f3rias como cartazes e adesivos em mesas, sal\u00f5es, banheiros, pontos de venda de bebidas alco\u00f3licas e \u00e1reas de circula\u00e7\u00e3o, informando que aquele \u00e9 um local com equipe capacitada e orienta\u00e7\u00f5es claras sobre como acionar a rede de prote\u00e7\u00e3o \u00e0 mulher.<\/p>\n","protected":false},"excerpt":{"rendered":"<p>A Secretaria de Estado da Mulher do Rio de Janeiro (SEM-RJ) participar\u00e1, nesta sexta-feira (09\/05),<\/p>\n","protected":false},"author":2,"featured_media":31788,"comment_status":"open","ping_status":"open","sticky":false,"template":"","format":"standard","meta":{"footnotes":""},"categories":[17],"tags":[],"class_list":["post-103907","post","type-post","status-publish","format-standard","has-post-thumbnail","hentry","category-outras-noticias"],"_links":{"self":[{"href":"https:\/\/tvc16.com\/portal\/wp-json\/wp\/v2\/posts\/103907","targetHints":{"allow":["GET"]}}],"collection":[{"href":"https:\/\/tvc16.com\/portal\/wp-json\/wp\/v2\/posts"}],"about":[{"href":"https:\/\/tvc16.com\/portal\/wp-json\/wp\/v2\/types\/post"}],"author":[{"embeddable":true,"href":"https:\/\/tvc16.com\/portal\/wp-json\/wp\/v2\/users\/2"}],"replies":[{"embeddable":true,"href":"https:\/\/tvc16.com\/portal\/wp-json\/wp\/v2\/comments?post=103907"}],"version-history":[{"count":1,"href":"https:\/\/tvc16.com\/portal\/wp-json\/wp\/v2\/posts\/103907\/revisions"}],"predecessor-version":[{"id":103909,"href":"https:\/\/tvc16.com\/portal\/wp-json\/wp\/v2\/posts\/103907\/revisions\/103909"}],"wp:featuredmedia":[{"embeddable":true,"href":"https:\/\/tvc16.com\/portal\/wp-json\/wp\/v2\/media\/31788"}],"wp:attachment":[{"href":"https:\/\/tvc16.com\/portal\/wp-json\/wp\/v2\/media?parent=103907"}],"wp:term":[{"taxonomy":"category","embeddable":true,"href":"https:\/\/tvc16.com\/portal\/wp-json\/wp\/v2\/categories?post=103907"},{"taxonomy":"post_tag","embeddable":true,"href":"https:\/\/tvc16.com\/portal\/wp-json\/wp\/v2\/tags?post=103907"}],"curies":[{"name":"wp","href":"https:\/\/api.w.org\/{rel}","templated":true}]}}