{"id":103923,"date":"2025-05-10T08:00:00","date_gmt":"2025-05-10T11:00:00","guid":{"rendered":"https:\/\/tvc16.com\/portal\/?p=103923"},"modified":"2025-05-09T17:00:52","modified_gmt":"2025-05-09T20:00:52","slug":"dia-das-maes-governo-do-rio-impulsiona-floricultura-com-programa-de-incentivo","status":"publish","type":"post","link":"https:\/\/tvc16.com\/portal\/2025\/05\/10\/dia-das-maes-governo-do-rio-impulsiona-floricultura-com-programa-de-incentivo\/","title":{"rendered":"Dia das M\u00e3es: Governo do Rio impulsiona floricultura com programa de incentivo"},"content":{"rendered":"\n<p><em>Estado projeta crescimento de at\u00e9 8% nas vendas de flores em rela\u00e7\u00e3o a 2024<\/em><\/p>\n\n\n\n<p>O Governo do Estado do Rio, por meio da Secretaria de Agricultura, Pecu\u00e1ria e Abastecimento, vem fortalecendo a floricultura fluminense com a\u00e7\u00f5es de incentivo \u00e0 produ\u00e7\u00e3o e comercializa\u00e7\u00e3o. Com os bons resultados, especial neste domingo (11\/05), Dia das M\u00e3es, uma das datas consideradas mais importante para o setor, a expectativa \u00e9 de um aumento de at\u00e9 8% nas vendas de flores em rela\u00e7\u00e3o ao ano anterior.<\/p>\n\n\n\n<p>&#8211; O Rio de Janeiro tem voca\u00e7\u00e3o agr\u00edcola e o nosso compromisso \u00e9 apoiar o produtor rural para que ele cres\u00e7a com qualidade. O Programa Florescer \u00e9 um exemplo de como o Governo est\u00e1 presente no campo, gerando renda, desenvolvimento e oportunidades &#8211; afirmou o governador Cl\u00e1udio Castro.<\/p>\n\n\n\n<p>Entre os presentes mais procurados nesta data, as flores lideram o ranking. O Programa Florescer, criado pelo Governo do Estado, oferece financiamento com juros de apenas 2% ao ano para que produtores invistam em estrutura, tecnologia e cultivo, garantindo competitividade.<\/p>\n\n\n\n<p>\u2014 Neste per\u00edodo do ano, a venda de flores aumenta significativamente. O Dia das M\u00e3es representa aproximadamente 20% do volume total de vendas anuais dos produtores. O Rio de Janeiro se destaca como o segundo maior produtor de flores de corte do Brasil. A Secretaria de Agricultura atua lado a lado com o produtor rural, garantindo qualidade e competitividade \u2014 destacou o secret\u00e1rio de Agricultura, Dr. Fl\u00e1vio Ferreira.<\/p>\n\n\n\n<p>A produ\u00e7\u00e3o anual de flores de corte no estado gira em torno de 11 milh\u00f5es de ma\u00e7os. Destes, cerca de 4 milh\u00f5es s\u00e3o de rosas. O munic\u00edpio de Bom Jardim lidera a produ\u00e7\u00e3o dessa flor, favorecido por sua altitude e luminosidade ideais. A cidade conta com cerca de 100 produtores, com m\u00e9dia de cultivo entre 50 mil e 80 mil p\u00e9s de rosas.<\/p>\n\n\n\n<p>As flores mais comercializadas para o Dia das M\u00e3es incluem rosas (de corte), orqu\u00eddeas (em vaso), al\u00e9m de cris\u00e2ntemos e g\u00e9rberas, especialmente nas cores vermelhas. A previs\u00e3o de crescimento nas vendas varia entre 6% e 8%, em compara\u00e7\u00e3o ao mesmo per\u00edodo de 2024.<\/p>\n\n\n\n<p>O produtor Ant\u00f4nio Jandre, de Nova Friburgo, cultiva rosas h\u00e1 mais de 50 anos em sistema familiar. Ao lado da filha Suelane, mant\u00e9m uma produ\u00e7\u00e3o de 50 mil p\u00e9s.<\/p>\n\n\n\n<p>\u2014 A nossa expectativa para as vendas neste Dia das M\u00e3es \u00e9 muito boa, pois a demanda j\u00e1 est\u00e1 sendo melhor do que no ano passado. Acredito que haja um aumento significativo, chegando a 6% \u2014 afirmou Suelane.<\/p>\n\n\n\n<p>A engenheira agr\u00f4noma Nane Mesquita cresceu cercada pelo verde e hoje trabalha com sua m\u00e3e, Tereza, na produ\u00e7\u00e3o de plantas ornamentais. Com apoio do programa Florescer, modernizaram a estrutura da propriedade.<\/p>\n\n\n\n<p>\u2014 Com o Florescer, reformamos alguns telhados e constru\u00edmos um pequeno galp\u00e3o, melhorando a estrutura da produ\u00e7\u00e3o. Hoje seguimos lado a lado, compartilhando n\u00e3o s\u00f3 o of\u00edcio, mas tamb\u00e9m hist\u00f3rias e sonhos. Temos a certeza de que juntas plantamos mais do que flores: plantamos amor \u2014 contou Nane.<\/p>\n\n\n\n<p>\u2014 O Florescer \u00e9 um programa de investimento e custeio para toda a cadeia produtiva da floricultura fluminense. Visa \u00e0 moderniza\u00e7\u00e3o com a entrada de novos cultivares, sistemas de irriga\u00e7\u00e3o e estrutura, tornando a floricultura do estado cada vez mais competitiva \u2014 concluiu Nazar\u00e9 Dias, gerente do programa.<\/p>\n\n\n\n<p>Para outras informa\u00e7\u00f5es sobre o programa Florescer, entre em contato pelo e-mail:&nbsp;<a href=\"mailto:agrofundo.rio@gmail.com\" target=\"_blank\" rel=\"noreferrer noopener\">agrofundo.rio@gmail.com<\/a><\/p>\n","protected":false},"excerpt":{"rendered":"<p>Estado projeta crescimento de at\u00e9 8% nas vendas de flores em rela\u00e7\u00e3o a 2024 O<\/p>\n","protected":false},"author":2,"featured_media":103924,"comment_status":"open","ping_status":"open","sticky":false,"template":"","format":"standard","meta":{"footnotes":""},"categories":[17],"tags":[],"class_list":["post-103923","post","type-post","status-publish","format-standard","has-post-thumbnail","hentry","category-outras-noticias"],"_links":{"self":[{"href":"https:\/\/tvc16.com\/portal\/wp-json\/wp\/v2\/posts\/103923","targetHints":{"allow":["GET"]}}],"collection":[{"href":"https:\/\/tvc16.com\/portal\/wp-json\/wp\/v2\/posts"}],"about":[{"href":"https:\/\/tvc16.com\/portal\/wp-json\/wp\/v2\/types\/post"}],"author":[{"embeddable":true,"href":"https:\/\/tvc16.com\/portal\/wp-json\/wp\/v2\/users\/2"}],"replies":[{"embeddable":true,"href":"https:\/\/tvc16.com\/portal\/wp-json\/wp\/v2\/comments?post=103923"}],"version-history":[{"count":1,"href":"https:\/\/tvc16.com\/portal\/wp-json\/wp\/v2\/posts\/103923\/revisions"}],"predecessor-version":[{"id":103925,"href":"https:\/\/tvc16.com\/portal\/wp-json\/wp\/v2\/posts\/103923\/revisions\/103925"}],"wp:featuredmedia":[{"embeddable":true,"href":"https:\/\/tvc16.com\/portal\/wp-json\/wp\/v2\/media\/103924"}],"wp:attachment":[{"href":"https:\/\/tvc16.com\/portal\/wp-json\/wp\/v2\/media?parent=103923"}],"wp:term":[{"taxonomy":"category","embeddable":true,"href":"https:\/\/tvc16.com\/portal\/wp-json\/wp\/v2\/categories?post=103923"},{"taxonomy":"post_tag","embeddable":true,"href":"https:\/\/tvc16.com\/portal\/wp-json\/wp\/v2\/tags?post=103923"}],"curies":[{"name":"wp","href":"https:\/\/api.w.org\/{rel}","templated":true}]}}