{"id":103926,"date":"2025-05-10T10:00:00","date_gmt":"2025-05-10T13:00:00","guid":{"rendered":"https:\/\/tvc16.com\/portal\/?p=103926"},"modified":"2025-05-10T15:17:30","modified_gmt":"2025-05-10T18:17:30","slug":"alunos-da-rede-estadual-participam-da-semana-de-capacitacao-do-parlamento-juvenil-2025","status":"publish","type":"post","link":"https:\/\/tvc16.com\/portal\/2025\/05\/10\/alunos-da-rede-estadual-participam-da-semana-de-capacitacao-do-parlamento-juvenil-2025\/","title":{"rendered":"Alunos da rede estadual participam da Semana de Capacita\u00e7\u00e3o do Parlamento Juvenil 2025"},"content":{"rendered":"\n<p>Aprofundar os conhecimentos sobre o funcionamento do Legislativo e compreender a import\u00e2ncia da participa\u00e7\u00e3o cidad\u00e3. Estes s\u00e3o alguns dos princ\u00edpios b\u00e1sicos que estudantes da rede estadual de ensino dos 92 munic\u00edpios fluminenses est\u00e3o aprendendo durante a Semana de Capacita\u00e7\u00e3o do Parlamento Juvenil 2025. O projeto \u00e9 realizado por meio de uma parceria entre a Assembleia Legislativa do Estado do Rio de Janeiro (Alerj) e a Secretaria de Estado de Educa\u00e7\u00e3o (Seeduc-RJ), e marca o in\u00edcio de uma edi\u00e7\u00e3o hist\u00f3rica com recorde de inscri\u00e7\u00f5es.<\/p>\n\n\n\n<p>A subsecret\u00e1ria de Gest\u00e3o de Ensino da Seeduc, Joilza Rangel, esteve, nesta sexta-feira (9\/5), no Col\u00e9gio Estadual Quinze de Novembro, em Campos dos Goytacazes, no Norte Fluminense, para acompanhar a primeira etapa do projeto. Ela fez quest\u00e3o de destacar a import\u00e2ncia da iniciativa, que d\u00e1 voz aos jovens dentro do processo democr\u00e1tico.<\/p>\n\n\n\n<p>\u2014 Estou muito feliz por estar aqui. Que voc\u00eas nunca desistam dos seus sonhos e busquem realizar tudo aquilo a que se propuserem. Principalmente, abracem esta oportunidade de participar de um projeto t\u00e3o importante, que permite a voc\u00eas representar o munic\u00edpio na Alerj \u2014 disse a subsecret\u00e1ria.<\/p>\n\n\n\n<p>De 28 de abril a 21 de maio, a equipe do Parlamento Juvenil da Alerj estar\u00e1 percorrendo dezenas de escolas para transmitir informa\u00e7\u00f5es, com o objetivo de inspirar e engajar os jovens a se tornarem agentes de mudan\u00e7a em seus munic\u00edpios. Foi o que aconteceu com os col\u00e9gios estaduais Roberto Montenegro, em Angra dos Reis, na Regi\u00e3o da Costa Verde, e Quinze de Novembro, em Campos, que receberam a capacita\u00e7\u00e3o.<\/p>\n\n\n\n<p>\u2014 Este curso foi fundamental para eu entender a minha import\u00e2ncia como cidad\u00e3 e tamb\u00e9m para que eu possa encontrar os recursos necess\u00e1rios para fazer a diferen\u00e7a, dando voz a todos n\u00f3s, jovens, em pautas importantes \u2014 disse Emanuelle Ferreira, de 15 anos, aluna da 1\u00aa s\u00e9rie do Ensino M\u00e9dio do Col\u00e9gio Estadual Jo\u00e3o Paulo, em Mangaratiba.<\/p>\n\n\n\n<p>Nesta capacita\u00e7\u00e3o, os alunos est\u00e3o aprendendo sobre direitos constitucionais, administrativos e legislativos, al\u00e9m de t\u00e9cnicas para a elabora\u00e7\u00e3o de leis. Ao longo de todo o andamento desta proposta, os estudantes contar\u00e3o tamb\u00e9m com suporte virtual, das 10h \u00e0s 19h, com profissionais competentes da Assembleia Legislativa para tirarem d\u00favidas.<\/p>\n\n\n\n<p>\u2014 A capacita\u00e7\u00e3o conta com a participa\u00e7\u00e3o de uma professora e um advogado, que integram a equipe do Legislativo na Alerj. O objetivo \u00e9 prepar\u00e1-los para que, durante a Semana Parlamentar, compreendam o funcionamento da Casa, como atuam as comiss\u00f5es, os plen\u00e1rios e como se elaboram projetos de lei \u2014 explicou Susi Duarte, pedagoga e gestora do Parlamento Juvenil.<\/p>\n\n\n\n<p><strong>Saiba mais sobre o Parlamento Juvenil<\/strong><\/p>\n\n\n\n<p>Os alunos foram eleitos em suas escolas por meio de vota\u00e7\u00f5es. A iniciativa possibilita que os participantes aprendam mais sobre o funcionamento do Legislativo fluminense e apresentem propostas que podem tramitar na Alerj e se transformar em leis estaduais.<\/p>\n\n\n\n<p>J\u00e1 a Semana Parlamentar \u2014 per\u00edodo em que os jovens assumem fun\u00e7\u00f5es semelhantes \u00e0s de um deputado estadual \u2014 ser\u00e1 realizada entre 22 e 28 de junho. Nesta fase, os participantes conhecer\u00e3o a sede da Alerj, eleger\u00e3o a Mesa Diretora, formar\u00e3o comiss\u00f5es tem\u00e1ticas e apresentar\u00e3o seus pr\u00f3prios projetos de lei.<\/p>\n\n\n\n<p>\u2014 O Parlamento Juvenil reafirma para todo o estado do Rio de Janeiro a pot\u00eancia transformadora que a juventude fluminense tem. Este programa \u00e9 extremamente necess\u00e1rio e relevante, pois possibilita a forma\u00e7\u00e3o pol\u00edtica dos nossos alunos, incentivando a reflex\u00e3o cr\u00edtica, o exerc\u00edcio da cidadania, da democracia, da lideran\u00e7a e, claro, a viv\u00eancia do processo legislativo \u2014 destacou a secret\u00e1ria de Estado de Educa\u00e7\u00e3o, Roberta Barreto.<\/p>\n\n\n\n<p>Quer saber mais sobre como est\u00e1 sendo a edi\u00e7\u00e3o deste ano? Acompanhe os sites e as redes sociais da Seeduc e da Alerj para ficar por dentro das novidades do Parlamento Juvenil!<\/p>\n","protected":false},"excerpt":{"rendered":"<p>Aprofundar os conhecimentos sobre o funcionamento do Legislativo e compreender a import\u00e2ncia da participa\u00e7\u00e3o cidad\u00e3.<\/p>\n","protected":false},"author":2,"featured_media":103978,"comment_status":"open","ping_status":"open","sticky":false,"template":"","format":"standard","meta":{"footnotes":""},"categories":[17],"tags":[],"class_list":["post-103926","post","type-post","status-publish","format-standard","has-post-thumbnail","hentry","category-outras-noticias"],"_links":{"self":[{"href":"https:\/\/tvc16.com\/portal\/wp-json\/wp\/v2\/posts\/103926","targetHints":{"allow":["GET"]}}],"collection":[{"href":"https:\/\/tvc16.com\/portal\/wp-json\/wp\/v2\/posts"}],"about":[{"href":"https:\/\/tvc16.com\/portal\/wp-json\/wp\/v2\/types\/post"}],"author":[{"embeddable":true,"href":"https:\/\/tvc16.com\/portal\/wp-json\/wp\/v2\/users\/2"}],"replies":[{"embeddable":true,"href":"https:\/\/tvc16.com\/portal\/wp-json\/wp\/v2\/comments?post=103926"}],"version-history":[{"count":1,"href":"https:\/\/tvc16.com\/portal\/wp-json\/wp\/v2\/posts\/103926\/revisions"}],"predecessor-version":[{"id":103927,"href":"https:\/\/tvc16.com\/portal\/wp-json\/wp\/v2\/posts\/103926\/revisions\/103927"}],"wp:featuredmedia":[{"embeddable":true,"href":"https:\/\/tvc16.com\/portal\/wp-json\/wp\/v2\/media\/103978"}],"wp:attachment":[{"href":"https:\/\/tvc16.com\/portal\/wp-json\/wp\/v2\/media?parent=103926"}],"wp:term":[{"taxonomy":"category","embeddable":true,"href":"https:\/\/tvc16.com\/portal\/wp-json\/wp\/v2\/categories?post=103926"},{"taxonomy":"post_tag","embeddable":true,"href":"https:\/\/tvc16.com\/portal\/wp-json\/wp\/v2\/tags?post=103926"}],"curies":[{"name":"wp","href":"https:\/\/api.w.org\/{rel}","templated":true}]}}