{"id":10393,"date":"2021-02-13T20:12:28","date_gmt":"2021-02-13T23:12:28","guid":{"rendered":"https:\/\/tvc16.com\/portal\/?p=10393"},"modified":"2021-02-15T08:20:07","modified_gmt":"2021-02-15T11:20:07","slug":"depois-de-uma-denuncia-sobre-a-idosa-que-foi-espetada-e-nao-recebeu-a-vacina-a-prefeitura-de-petropolis-lancou-neste-sabado-um-novo-canal-de-comunicacao-para-esclarecer-duvidas-e-receber-denuncias-d","status":"publish","type":"post","link":"https:\/\/tvc16.com\/portal\/2021\/02\/13\/depois-de-uma-denuncia-sobre-a-idosa-que-foi-espetada-e-nao-recebeu-a-vacina-a-prefeitura-de-petropolis-lancou-neste-sabado-um-novo-canal-de-comunicacao-para-esclarecer-duvidas-e-receber-denuncias-d\/","title":{"rendered":"Depois de uma den\u00fancia sobre a idosa que foi espetada, e n\u00e3o recebeu a vacina, a prefeitura de Petr\u00f3polis lan\u00e7ou neste s\u00e1bado um novo canal de comunica\u00e7\u00e3o para esclarecer d\u00favidas e receber den\u00fancias da popula\u00e7\u00e3o"},"content":{"rendered":"\n<p>Nesta sexta-feira, 12, no Campus da UCP, uma idosa que deveria ter sido vacinada, foi enganada pela t\u00e9cnica de enfermagem. A fam\u00edlia filmou A aplica\u00e7\u00e3o, com a seringa vazia, e a repercuss\u00e3o nas redes sociais foi grande. Neste s\u00e1bado, a Secretaria de Sa\u00fade divulgou este canal para que a popula\u00e7\u00e3o possa fazer den\u00fancias sobre a vacina\u00e7\u00e3o contra a covid-19. \u00c9 um n\u00famero de whatsapp, o (24) 99946-1161.<\/p>\n\n\n\n<p>\u201cNossas equipes est\u00e3o empenhadas em oferecer o melhor atendimento para os cidad\u00e3os. Realizar o planejamento das a\u00e7\u00f5es tem sido um desafio frente \u00e0s reduzidas remessas de vacina que o Munic\u00edpio tem recebido\u201d, afirmou o secret\u00e1rio municipal de Sa\u00fade, Aloisio Barbosa.<\/p>\n\n\n\n<figure class=\"wp-block-image size-large\"><img loading=\"lazy\" decoding=\"async\" width=\"1024\" height=\"576\" src=\"https:\/\/tvc16.com\/portal\/wp-content\/uploads\/2021\/02\/20210213_195028-1-1024x576.jpg\" alt=\"\" class=\"wp-image-10396\" srcset=\"https:\/\/tvc16.com\/portal\/wp-content\/uploads\/2021\/02\/20210213_195028-1-1024x576.jpg 1024w, https:\/\/tvc16.com\/portal\/wp-content\/uploads\/2021\/02\/20210213_195028-1-300x169.jpg 300w, https:\/\/tvc16.com\/portal\/wp-content\/uploads\/2021\/02\/20210213_195028-1-768x432.jpg 768w, https:\/\/tvc16.com\/portal\/wp-content\/uploads\/2021\/02\/20210213_195028-1.jpg 1077w\" sizes=\"auto, (max-width: 1024px) 100vw, 1024px\" \/><\/figure>\n\n\n\n<p>A Secretaria esclarece que todos os t\u00e9cnicos de enfermagem foram treinados e orientados sobre os procedimentos adequados para armazenamento e manuseio das vacinas. A cidade recebeu vidros com uma \u00fanica dose e tamb\u00e9m vidros com quantidade suficiente para dez doses de vacina. Tudo \u00e9 mantido em local com a temperatura adequada at\u00e9 o momento da aplica\u00e7\u00e3o. As seringas e agulhas s\u00e3o descart\u00e1veis e preparadas individualmente para a aplica\u00e7\u00e3o da dose.<\/p>\n\n\n\n<p>Nota da prefeitura sobre o caso:<\/p>\n\n\n\n<p>A Secretaria de Sa\u00fade, confirmou neste s\u00e1bado (13), que a seringa utilizada para vacinar a idosa estava realmente vazia no momento da aplica\u00e7\u00e3o. Confira a nota oficial divulgada pela Secretaria de Sa\u00fade.<\/p>\n\n\n\n<p>A Secretaria de Sa\u00fade informa que tomou todas as provid\u00eancias cab\u00edveis assim que recebeu a den\u00fancia e confirmou, com o apoio das imagens registradas pela fam\u00edlia e a verifica\u00e7\u00e3o da quantidade de doses aplicadas, que a seringa utilizada para vacinar a idosa estava vazia no momento da aplica\u00e7\u00e3o.<\/p>\n\n\n\n<p>As equipes fizeram imediatamente contato com a fam\u00edlia e a idosa foi vacinada neste s\u00e1bado. A secretaria abriu procedimento interno de investiga\u00e7\u00e3o para apurar a responsabilidade sobre o fato e criou um canal de comunica\u00e7\u00e3o para esclarecimento de d\u00favidas e recebimento de den\u00fancias, o WhatsApp (24) 99946-1161.<br><br>O governo reitera o compromisso com a popula\u00e7\u00e3o e frisa que vem trabalhando para garantir toda a transpar\u00eancia no processo de vacina\u00e7\u00e3o, que envolve centenas de pessoas extremamente comprometidas com todo o processo. A apura\u00e7\u00e3o ser\u00e1 rigorosa para que casos como este nunca mais se repitam.<\/p>\n\n\n\n<p>Importante lembrar que no local da vacina\u00e7\u00e3o h\u00e1 sempre um supervisor, que deve ser acionado em caso de qualquer d\u00favida ou problema.<\/p>\n\n\n\n<p>Sobre a enfermeira: <\/p>\n\n\n\n<p>A Prefeitura informa que abriu procedimento para investigar o caso. A t\u00e9cnica de enfermagem \u00e9 contratada e foi imediatamente afastada para apura\u00e7\u00e3o dos fatos. Por tratar-se de procedimento administrativo, ela ser\u00e1 ouvida pela equipe da Sa\u00fade na pr\u00f3xima segunda-feira (15).<\/p>\n\n\n\n<p><\/p>\n","protected":false},"excerpt":{"rendered":"<p>Nesta sexta-feira, 12, no Campus da UCP, uma idosa que deveria ter sido vacinada, foi<\/p>\n","protected":false},"author":2,"featured_media":10395,"comment_status":"open","ping_status":"open","sticky":false,"template":"","format":"standard","meta":{"footnotes":""},"categories":[12],"tags":[],"class_list":["post-10393","post","type-post","status-publish","format-standard","has-post-thumbnail","hentry","category-cidade"],"_links":{"self":[{"href":"https:\/\/tvc16.com\/portal\/wp-json\/wp\/v2\/posts\/10393","targetHints":{"allow":["GET"]}}],"collection":[{"href":"https:\/\/tvc16.com\/portal\/wp-json\/wp\/v2\/posts"}],"about":[{"href":"https:\/\/tvc16.com\/portal\/wp-json\/wp\/v2\/types\/post"}],"author":[{"embeddable":true,"href":"https:\/\/tvc16.com\/portal\/wp-json\/wp\/v2\/users\/2"}],"replies":[{"embeddable":true,"href":"https:\/\/tvc16.com\/portal\/wp-json\/wp\/v2\/comments?post=10393"}],"version-history":[{"count":2,"href":"https:\/\/tvc16.com\/portal\/wp-json\/wp\/v2\/posts\/10393\/revisions"}],"predecessor-version":[{"id":10430,"href":"https:\/\/tvc16.com\/portal\/wp-json\/wp\/v2\/posts\/10393\/revisions\/10430"}],"wp:featuredmedia":[{"embeddable":true,"href":"https:\/\/tvc16.com\/portal\/wp-json\/wp\/v2\/media\/10395"}],"wp:attachment":[{"href":"https:\/\/tvc16.com\/portal\/wp-json\/wp\/v2\/media?parent=10393"}],"wp:term":[{"taxonomy":"category","embeddable":true,"href":"https:\/\/tvc16.com\/portal\/wp-json\/wp\/v2\/categories?post=10393"},{"taxonomy":"post_tag","embeddable":true,"href":"https:\/\/tvc16.com\/portal\/wp-json\/wp\/v2\/tags?post=10393"}],"curies":[{"name":"wp","href":"https:\/\/api.w.org\/{rel}","templated":true}]}}