{"id":103937,"date":"2025-05-10T13:00:00","date_gmt":"2025-05-10T16:00:00","guid":{"rendered":"https:\/\/tvc16.com\/portal\/?p=103937"},"modified":"2025-05-10T13:31:22","modified_gmt":"2025-05-10T16:31:22","slug":"petropolis-recebe-a-4a-conferencia-regional-dos-direitos-das-pessoas-lgbtqia","status":"publish","type":"post","link":"https:\/\/tvc16.com\/portal\/2025\/05\/10\/petropolis-recebe-a-4a-conferencia-regional-dos-direitos-das-pessoas-lgbtqia\/","title":{"rendered":"Petr\u00f3polis recebe a 4\u00aa Confer\u00eancia Regional dos Direitos das Pessoas LGBTQIA+"},"content":{"rendered":"\n<p>S\u00e9rie de debates n\u00e3o acontecia na cidade h\u00e1 dez anos<\/p>\n\n\n\n<p>O Centro de Cultura Raul de Leoni recebeu neste s\u00e1bado (10\/05) a 4\u00aa Confer\u00eancia Regional dos Direitos das Pessoas LGBTQIA+. Um evento que re\u00fane a sociedade civil para uma s\u00e9rie de debates sobre pol\u00edticas p\u00fablicas voltadas para a popula\u00e7\u00e3o LGBTQIA+.<\/p>\n\n\n\n<p>\u201cDiscutimos trabalho e renda, interseccionalidade da popula\u00e7\u00e3o, de que forma institucionalizar as pol\u00edticas p\u00fablicas com a comunidade LGBTQIA+, quais s\u00e3o essas demandas, essas aus\u00eancias da sociedade civil com essa popula\u00e7\u00e3o em Petr\u00f3polis e dos outros munic\u00edpios participantes. Nossa inten\u00e7\u00e3o em Petr\u00f3polis, que junta cinco munic\u00edpios dessa regional, \u00e9 construir junto \u00e0 sociedade civil pontos de acolhimento e de inser\u00e7\u00e3o da comunidade LGBTQIA+, articular nossos equipamentos para o melhor atendimento dessa popula\u00e7\u00e3o\u201d, destacou a coordenadora do Centro de Cidadania LGBTQIA+ da Regional Serrana II, Karine Vieira.<\/p>\n\n\n\n<p>Al\u00e9m de Petr\u00f3polis, participaram da confer\u00eancia representantes das cidades de Miguel Pereira, Paty do Alferes, S\u00e3o Jos\u00e9 do Vale do Rio Preto e Vassouras. O evento \u00e9 organizado pelo Conselho dos Direitos da Popula\u00e7\u00e3o LGBTQIA+ do Estado do Rio de Janeiro, a Secretaria de Estado de Desenvolvimento Social e Direitos Humanos do Rio de Janeiro (SEDSDH) e a Prefeitura de Petr\u00f3polis.<\/p>\n\n\n\n<p>&#8220;A Prefeitura acolheu a confer\u00eancia e a gente teve um evento bel\u00edssimo com 200 inscritos. \u00c9 importante realizar essa confer\u00eancia tanto em Petr\u00f3polis, quanto em outras cidades para tirar um pouco esse debate apenas da capital\u201d, pontuou o coordenador executivo da confer\u00eancia e integrante dos conselhos nacional e estadual LGBTQIA+, Cl\u00e1udio Nascimento.<\/p>\n\n\n\n<p>A coordena\u00e7\u00e3o do evento \u00e9 do Conselho dos Direitos da Popula\u00e7\u00e3o de L\u00e9sbicas, Gays, Bissexuais, Travestis e Transexuais do Estado do Rio de Janeiro (CELGBT\/RJ). \u201cEssa articula\u00e7\u00e3o (para a realiza\u00e7\u00e3o da confer\u00eancia na cidade) come\u00e7a em 2021, com a cria\u00e7\u00e3o da \u00e1rea t\u00e9cnica LGBTQIA+ na cidade. E a\u00ed come\u00e7a todo processo de retomada das politicas p\u00fablicas LGBTQIA+ na cidade. Logo em seguida come\u00e7am os atendimentos no Centro de Sa\u00fade. Com a cria\u00e7\u00e3o do ambulat\u00f3rio como espa\u00e7o f\u00edsico, essas pol\u00edticas j\u00e1 n\u00e3o comportavam mais s\u00f3 espa\u00e7os pequenos\u201d, destaca o coordenador do ambulat\u00f3rio municipal LGBTQIA+ de Petr\u00f3polis e tamb\u00e9m da \u00e1rea t\u00e9cnica LGBTQIA+, Felipe Silveira.<\/p>\n","protected":false},"excerpt":{"rendered":"<p>S\u00e9rie de debates n\u00e3o acontecia na cidade h\u00e1 dez anos O Centro de Cultura Raul<\/p>\n","protected":false},"author":2,"featured_media":103940,"comment_status":"open","ping_status":"open","sticky":false,"template":"","format":"standard","meta":{"footnotes":""},"categories":[12],"tags":[],"class_list":["post-103937","post","type-post","status-publish","format-standard","has-post-thumbnail","hentry","category-cidade"],"_links":{"self":[{"href":"https:\/\/tvc16.com\/portal\/wp-json\/wp\/v2\/posts\/103937","targetHints":{"allow":["GET"]}}],"collection":[{"href":"https:\/\/tvc16.com\/portal\/wp-json\/wp\/v2\/posts"}],"about":[{"href":"https:\/\/tvc16.com\/portal\/wp-json\/wp\/v2\/types\/post"}],"author":[{"embeddable":true,"href":"https:\/\/tvc16.com\/portal\/wp-json\/wp\/v2\/users\/2"}],"replies":[{"embeddable":true,"href":"https:\/\/tvc16.com\/portal\/wp-json\/wp\/v2\/comments?post=103937"}],"version-history":[{"count":1,"href":"https:\/\/tvc16.com\/portal\/wp-json\/wp\/v2\/posts\/103937\/revisions"}],"predecessor-version":[{"id":103941,"href":"https:\/\/tvc16.com\/portal\/wp-json\/wp\/v2\/posts\/103937\/revisions\/103941"}],"wp:featuredmedia":[{"embeddable":true,"href":"https:\/\/tvc16.com\/portal\/wp-json\/wp\/v2\/media\/103940"}],"wp:attachment":[{"href":"https:\/\/tvc16.com\/portal\/wp-json\/wp\/v2\/media?parent=103937"}],"wp:term":[{"taxonomy":"category","embeddable":true,"href":"https:\/\/tvc16.com\/portal\/wp-json\/wp\/v2\/categories?post=103937"},{"taxonomy":"post_tag","embeddable":true,"href":"https:\/\/tvc16.com\/portal\/wp-json\/wp\/v2\/tags?post=103937"}],"curies":[{"name":"wp","href":"https:\/\/api.w.org\/{rel}","templated":true}]}}