{"id":103942,"date":"2025-05-10T18:00:00","date_gmt":"2025-05-10T21:00:00","guid":{"rendered":"https:\/\/tvc16.com\/portal\/?p=103942"},"modified":"2025-05-10T13:30:30","modified_gmt":"2025-05-10T16:30:30","slug":"homem-e-preso-por-auxiliar-sobrinho-com-trafico-de-drogas-em-nova-friburgo","status":"publish","type":"post","link":"https:\/\/tvc16.com\/portal\/2025\/05\/10\/homem-e-preso-por-auxiliar-sobrinho-com-trafico-de-drogas-em-nova-friburgo\/","title":{"rendered":"Homem \u00e9 preso por auxiliar sobrinho com tr\u00e1fico de drogas em Nova Friburgo"},"content":{"rendered":"\n<p>Policiais civis da 151\u00aa Delegacia de Pol\u00edcia de Nova Friburgo prenderam em flagrante, na quinta-feira (08\/05), um homem por envolvimento com o tr\u00e1fico de drogas no bairro Vila Am\u00e9lia, em Nova Friburgo, Regi\u00e3o Serrana do estado. Ele cedia a sua casa a um sobrinho para estocar drogas.<\/p>\n\n\n\n<p>De acordo com as investiga\u00e7\u00f5es, o sobrinho usava o im\u00f3vel como estoque, pegava pequenas quantidades, vendia e voltava para buscar mais. Ao revistar o im\u00f3vel, os policiais localizaram farto material entorpecente. Questionado, o homem admitiu que sabia da exist\u00eancia das drogas em sua casa e informou que o material pertencia ao parente.<\/p>\n\n\n\n<p>As investiga\u00e7\u00f5es continuam para localizar o sobrinho do detido, desta quinta.<\/p>\n","protected":false},"excerpt":{"rendered":"<p>Policiais civis da 151\u00aa Delegacia de Pol\u00edcia de Nova Friburgo prenderam em flagrante, na quinta-feira<\/p>\n","protected":false},"author":2,"featured_media":103943,"comment_status":"open","ping_status":"open","sticky":false,"template":"","format":"standard","meta":{"footnotes":""},"categories":[17],"tags":[],"class_list":["post-103942","post","type-post","status-publish","format-standard","has-post-thumbnail","hentry","category-outras-noticias"],"_links":{"self":[{"href":"https:\/\/tvc16.com\/portal\/wp-json\/wp\/v2\/posts\/103942","targetHints":{"allow":["GET"]}}],"collection":[{"href":"https:\/\/tvc16.com\/portal\/wp-json\/wp\/v2\/posts"}],"about":[{"href":"https:\/\/tvc16.com\/portal\/wp-json\/wp\/v2\/types\/post"}],"author":[{"embeddable":true,"href":"https:\/\/tvc16.com\/portal\/wp-json\/wp\/v2\/users\/2"}],"replies":[{"embeddable":true,"href":"https:\/\/tvc16.com\/portal\/wp-json\/wp\/v2\/comments?post=103942"}],"version-history":[{"count":1,"href":"https:\/\/tvc16.com\/portal\/wp-json\/wp\/v2\/posts\/103942\/revisions"}],"predecessor-version":[{"id":103944,"href":"https:\/\/tvc16.com\/portal\/wp-json\/wp\/v2\/posts\/103942\/revisions\/103944"}],"wp:featuredmedia":[{"embeddable":true,"href":"https:\/\/tvc16.com\/portal\/wp-json\/wp\/v2\/media\/103943"}],"wp:attachment":[{"href":"https:\/\/tvc16.com\/portal\/wp-json\/wp\/v2\/media?parent=103942"}],"wp:term":[{"taxonomy":"category","embeddable":true,"href":"https:\/\/tvc16.com\/portal\/wp-json\/wp\/v2\/categories?post=103942"},{"taxonomy":"post_tag","embeddable":true,"href":"https:\/\/tvc16.com\/portal\/wp-json\/wp\/v2\/tags?post=103942"}],"curies":[{"name":"wp","href":"https:\/\/api.w.org\/{rel}","templated":true}]}}