{"id":103949,"date":"2025-05-10T20:00:00","date_gmt":"2025-05-10T23:00:00","guid":{"rendered":"https:\/\/tvc16.com\/portal\/?p=103949"},"modified":"2025-05-10T13:46:44","modified_gmt":"2025-05-10T16:46:44","slug":"vendas-do-comercio-no-estado-do-rio-para-o-dia-das-maes-podem-chegar-a-r-159-bilhao","status":"publish","type":"post","link":"https:\/\/tvc16.com\/portal\/2025\/05\/10\/vendas-do-comercio-no-estado-do-rio-para-o-dia-das-maes-podem-chegar-a-r-159-bilhao\/","title":{"rendered":"Vendas do com\u00e9rcio no Estado do Rio para o Dia das M\u00e3es podem chegar a R$ 1,59 bilh\u00e3o"},"content":{"rendered":"\n<p>N\u00famero de contrata\u00e7\u00f5es tempor\u00e1rias deve chegar a 2,3 mil empregos<\/p>\n\n\n\n<p>As vendas do com\u00e9rcio no Estado do Rio de Janeiro para o Dia das M\u00e3es podem chegar a R$ 1,59 bilh\u00e3o, este ano. O valor representa uma alta de 44,5% em rela\u00e7\u00e3o ao ano passado, que movimentou R$ 1,1 bilh\u00e3o. A estimativa \u00e9 da Confedera\u00e7\u00e3o Nacional do Com\u00e9rcio de Bens, Servi\u00e7os e Turismo (CNC), que tamb\u00e9m prev\u00ea a contrata\u00e7\u00e3o de 2,3 mil trabalhadores tempor\u00e1rios.<\/p>\n\n\n\n<p>Ainda de acordo com a CNC, a maior fatia das vendas, entre os ramos do varejo no estado, estar\u00e1 concentrada nos segmentos de vestu\u00e1rio, cal\u00e7ados e acess\u00f3rios, seguidos por farm\u00e1cias, perfumarias e lojas de cosm\u00e9ticos, al\u00e9m do setor de utilidades dom\u00e9sticas e eletroeletr\u00f4nicos.<\/p>\n\n\n\n<p>\u2013 A proje\u00e7\u00e3o de crescimento nas vendas do com\u00e9rcio fluminense para o Dia das M\u00e3es traz um impulso relevante para a economia do Rio de Janeiro. Al\u00e9m de estimular o setor varejista, reflete positivamente no mercado de trabalho, com &nbsp;novas oportunidades de emprego para a popula\u00e7\u00e3o, e pode gerar um impacto positivo ao longo de toda a cadeia produtiva \u2013 comenta o governador Cl\u00e1udio Castro.<\/p>\n\n\n\n<p>J\u00e1 uma pesquisa realizada pelo Clube dos Diretores Lojistas do Rio de Janeiro (CDLRio) e do Sindicato dos Lojistas do Munic\u00edpio do Rio de Janeiro (SindilojasRio), mostra que 72% dos entrevistados estimam vender 6% a mais na data. A pesquisa ouviu mais de 250 comerciantes dos segmentos de vestu\u00e1rio, cal\u00e7ados e bolsas, joias e bijuterias, perfumaria e cosm\u00e9ticos, eletrodom\u00e9sticos, eletroeletr\u00f4nicos, m\u00f3veis e telefonia celular.<\/p>\n\n\n\n<p>\u2013 Os dados refor\u00e7am a import\u00e2ncia do com\u00e9rcio como um dos motores da economia fluminense. O crescimento expressivo nas vendas para o Dia das M\u00e3es demonstra a confian\u00e7a do consumidor e aquece toda a cadeia produtiva \u2013 do pequeno lojista \u00e0 ind\u00fastria. Al\u00e9m disso, a gera\u00e7\u00e3o de novos postos de trabalho, mesmo que tempor\u00e1rios, movimenta a economia local e amplia as oportunidades para os trabalhadores. O Governo do Estado segue comprometido em apoiar o setor produtivo, criando um ambiente cada vez mais favor\u00e1vel ao empreendedorismo e ao crescimento econ\u00f4mico. \u2013 destaca a secret\u00e1ria interina de Desenvolvimento Econ\u00f4mico, Ind\u00fastria, Com\u00e9rcio e Servi\u00e7os, Fernanda Curdi.<\/p>\n\n\n\n<p>Foto Arquivo TVC<\/p>\n\n\n\n<p><\/p>\n","protected":false},"excerpt":{"rendered":"<p>N\u00famero de contrata\u00e7\u00f5es tempor\u00e1rias deve chegar a 2,3 mil empregos As vendas do com\u00e9rcio no<\/p>\n","protected":false},"author":2,"featured_media":98399,"comment_status":"open","ping_status":"open","sticky":false,"template":"","format":"standard","meta":{"footnotes":""},"categories":[17],"tags":[],"class_list":["post-103949","post","type-post","status-publish","format-standard","has-post-thumbnail","hentry","category-outras-noticias"],"_links":{"self":[{"href":"https:\/\/tvc16.com\/portal\/wp-json\/wp\/v2\/posts\/103949","targetHints":{"allow":["GET"]}}],"collection":[{"href":"https:\/\/tvc16.com\/portal\/wp-json\/wp\/v2\/posts"}],"about":[{"href":"https:\/\/tvc16.com\/portal\/wp-json\/wp\/v2\/types\/post"}],"author":[{"embeddable":true,"href":"https:\/\/tvc16.com\/portal\/wp-json\/wp\/v2\/users\/2"}],"replies":[{"embeddable":true,"href":"https:\/\/tvc16.com\/portal\/wp-json\/wp\/v2\/comments?post=103949"}],"version-history":[{"count":1,"href":"https:\/\/tvc16.com\/portal\/wp-json\/wp\/v2\/posts\/103949\/revisions"}],"predecessor-version":[{"id":103950,"href":"https:\/\/tvc16.com\/portal\/wp-json\/wp\/v2\/posts\/103949\/revisions\/103950"}],"wp:featuredmedia":[{"embeddable":true,"href":"https:\/\/tvc16.com\/portal\/wp-json\/wp\/v2\/media\/98399"}],"wp:attachment":[{"href":"https:\/\/tvc16.com\/portal\/wp-json\/wp\/v2\/media?parent=103949"}],"wp:term":[{"taxonomy":"category","embeddable":true,"href":"https:\/\/tvc16.com\/portal\/wp-json\/wp\/v2\/categories?post=103949"},{"taxonomy":"post_tag","embeddable":true,"href":"https:\/\/tvc16.com\/portal\/wp-json\/wp\/v2\/tags?post=103949"}],"curies":[{"name":"wp","href":"https:\/\/api.w.org\/{rel}","templated":true}]}}