{"id":103963,"date":"2025-05-11T11:00:00","date_gmt":"2025-05-11T14:00:00","guid":{"rendered":"https:\/\/tvc16.com\/portal\/?p=103963"},"modified":"2025-05-10T14:34:41","modified_gmt":"2025-05-10T17:34:41","slug":"prefeitura-promove-1a-conferencia-regional-de-saude-do-trabalhador","status":"publish","type":"post","link":"https:\/\/tvc16.com\/portal\/2025\/05\/11\/prefeitura-promove-1a-conferencia-regional-de-saude-do-trabalhador\/","title":{"rendered":"Prefeitura promove 1\u00aa Confer\u00eancia Regional de Sa\u00fade do Trabalhador"},"content":{"rendered":"\n<p>Evento foi marcado pela emo\u00e7\u00e3o, com homenagem a um dos mais antigos funcion\u00e1rios da Comdep.<\/p>\n\n\n\n<p>Cerca de 100 pessoas participaram da 1\u00aa Confer\u00eancia Regional de Sa\u00fade do Trabalhador e Trabalhadora da Regi\u00e3o Serrana. O evento promovido pela Prefeitura e pela Comiss\u00e3o do F\u00f3rum de Conselhos de Sa\u00fade da Regi\u00e3o Serrana, aconteceu no audit\u00f3rio da Unifase, e reuniu trabalhadores da cidade e dos munic\u00edpios de Guapimirim, S\u00e3o Jos\u00e9 do Vale do Rio Preto, Teres\u00f3polis, Carmo e Sumidouro.<\/p>\n\n\n\n<p>A solenidade de abertura foi marcada pela emo\u00e7\u00e3o, com homenagem a Edmilson Francisco de Sousa, carinhosamente conhecido como Branca. Ele \u00e9 serralheiro e trabalha h\u00e1 mais de 26 anos na Companhia de Desenvolvimento de Petr\u00f3polis (Comdep). A homenagem destacou sua generosidade, empenho e dedica\u00e7\u00e3o como profissional.<\/p>\n\n\n\n<p>\u201cEu n\u00e3o esperava essa homenagem, foi uma surpresa para mim. Eu agrade\u00e7o a todos pelo carinho, \u00e9 uma honra receber essa placa\u201d, disse emocionado Edmilson.<\/p>\n\n\n\n<p>\u201cO Branca \u00e9 um exemplo de profissional comprometido, competente e sempre muito respeitoso com os colegas, ele merece todas as homenagens\u201d, concluiu a presidente da Comdep, Fernanda Ferreira.<\/p>\n\n\n\n<p>A confer\u00eancia tratou de quest\u00f5es relacionadas \u00e0 Pol\u00edtica Nacional de Sa\u00fade do Trabalhador, as novas rela\u00e7\u00f5es de trabalho, e a participa\u00e7\u00e3o popular na sa\u00fade dos profissionais. \u201cA sa\u00fade do trabalhador \u00e9 de vital import\u00e2ncia para a administra\u00e7\u00e3o p\u00fablica e precisamos ter uma aten\u00e7\u00e3o especial para garantir a qualidade de vida dos nossos profissionais\u201d, comentou o vice-prefeito Albano Filho Baninho, que representou o prefeito Hingo Hammes na abertura da confer\u00eancia.<\/p>\n\n\n\n<p>Tamb\u00e9m aconteceu a elei\u00e7\u00e3o da delega\u00e7\u00e3o que vai representar a Regi\u00e3o Serrana na etapa estadual. \u201c\u00c9 muito gratificante ver o empenho da nossa equipe preocupada em garantir a sa\u00fade dos nossos profissionais. Tenho certeza que nossa regi\u00e3o vai levar bom exemplos para a confer\u00eancia estadual\u201d, completou o secret\u00e1rio de Sa\u00fade, Lu\u00eds Cruzick.<\/p>\n\n\n\n<p>Foto Divulga\u00e7\u00e3o PMP<\/p>\n\n\n\n<p><\/p>\n","protected":false},"excerpt":{"rendered":"<p>Evento foi marcado pela emo\u00e7\u00e3o, com homenagem a um dos mais antigos funcion\u00e1rios da Comdep.<\/p>\n","protected":false},"author":2,"featured_media":103964,"comment_status":"open","ping_status":"open","sticky":false,"template":"","format":"standard","meta":{"footnotes":""},"categories":[12],"tags":[],"class_list":["post-103963","post","type-post","status-publish","format-standard","has-post-thumbnail","hentry","category-cidade"],"_links":{"self":[{"href":"https:\/\/tvc16.com\/portal\/wp-json\/wp\/v2\/posts\/103963","targetHints":{"allow":["GET"]}}],"collection":[{"href":"https:\/\/tvc16.com\/portal\/wp-json\/wp\/v2\/posts"}],"about":[{"href":"https:\/\/tvc16.com\/portal\/wp-json\/wp\/v2\/types\/post"}],"author":[{"embeddable":true,"href":"https:\/\/tvc16.com\/portal\/wp-json\/wp\/v2\/users\/2"}],"replies":[{"embeddable":true,"href":"https:\/\/tvc16.com\/portal\/wp-json\/wp\/v2\/comments?post=103963"}],"version-history":[{"count":1,"href":"https:\/\/tvc16.com\/portal\/wp-json\/wp\/v2\/posts\/103963\/revisions"}],"predecessor-version":[{"id":103965,"href":"https:\/\/tvc16.com\/portal\/wp-json\/wp\/v2\/posts\/103963\/revisions\/103965"}],"wp:featuredmedia":[{"embeddable":true,"href":"https:\/\/tvc16.com\/portal\/wp-json\/wp\/v2\/media\/103964"}],"wp:attachment":[{"href":"https:\/\/tvc16.com\/portal\/wp-json\/wp\/v2\/media?parent=103963"}],"wp:term":[{"taxonomy":"category","embeddable":true,"href":"https:\/\/tvc16.com\/portal\/wp-json\/wp\/v2\/categories?post=103963"},{"taxonomy":"post_tag","embeddable":true,"href":"https:\/\/tvc16.com\/portal\/wp-json\/wp\/v2\/tags?post=103963"}],"curies":[{"name":"wp","href":"https:\/\/api.w.org\/{rel}","templated":true}]}}