{"id":103966,"date":"2025-05-11T13:00:00","date_gmt":"2025-05-11T16:00:00","guid":{"rendered":"https:\/\/tvc16.com\/portal\/?p=103966"},"modified":"2025-05-10T14:41:37","modified_gmt":"2025-05-10T17:41:37","slug":"comissao-de-transporte-e-mobilidade-da-camara-cobra-apuracao-sobre-incendio-na-garagem-da-petro-ita","status":"publish","type":"post","link":"https:\/\/tvc16.com\/portal\/2025\/05\/11\/comissao-de-transporte-e-mobilidade-da-camara-cobra-apuracao-sobre-incendio-na-garagem-da-petro-ita\/","title":{"rendered":"Comiss\u00e3o de Transporte e Mobilidade da C\u00e2mara cobra apura\u00e7\u00e3o sobre inc\u00eandio na garagem da Petro Ita"},"content":{"rendered":"\n<p><em>Dois anos ap\u00f3s incidente que destruiu 78 \u00f4nibus e gerou caos na cidade, investiga\u00e7\u00e3o ainda n\u00e3o foi conclu\u00edda<\/em><\/p>\n\n\n\n<p>O presidente da Comiss\u00e3o de Transporte e Mobilidade Urbana da C\u00e2mara Municipal, vereador Thiago Damaceno, protocolou, nesta sexta-feira (9\/5), of\u00edcio na 105\u00aa Delegacia Policial cobrando a apura\u00e7\u00e3o sobre as causas do inc\u00eandio na garagem das empresas Petro Ita e Cascatinha. H\u00e1 exatos dois anos, mais de 70 coletivos das duas empresas, que eram respons\u00e1veis por 40% das linhas do munic\u00edpio \u00e0 \u00e9poca, foram destru\u00eddos.<\/p>\n\n\n\n<p>No of\u00edcio, Damaceno faz tr\u00eas questionamentos principais \u00e0 Pol\u00edcia Civil: qual o atual est\u00e1gio do inqu\u00e9rito instaurado e se houve arquivamento parcial; se h\u00e1 identifica\u00e7\u00e3o formal dos suspeitos, autores ou part\u00edcipes; e quais medidas e dilig\u00eancias foram tomadas para assegurar a responsabiliza\u00e7\u00e3o penal dos envolvidos.<\/p>\n\n\n\n<p>Thiago Damaceno, que estava \u00e0 frente da CPTrans na \u00e9poca do inc\u00eandio, lembra os danos causados ao sistema de transporte da cidade. &#8220;O inc\u00eandio poderia ter levado a cidade ao caos, prejudicando n\u00e3o s\u00f3 a mobilidade, mas todo o seu funcionamento. Al\u00e9m disso, aprofundou a crise no sistema. Todos os ind\u00edcios, inclusive com laudos do Bombeiros e da auditoria contratada pela CPTrans, apontam para que este tenha sido um ato criminoso, que n\u00e3o pode ser admitido nem ficar impune&#8221;, afirmou.<\/p>\n\n\n\n<p><strong>Recomposi\u00e7\u00e3o da frota<\/strong><\/p>\n\n\n\n<p>A principal consequ\u00eancia do inc\u00eandio foi a opera\u00e7\u00e3o emergencial das linhas atingidas. Ap\u00f3s o ocorrido, a crise nas empresas Petro Ita e Cascatinha se agravou e as duas empresas foram proibidas de circular na cidade, tendo suas linhas substitu\u00eddas pelas demais empresas do sistema. No entanto, como a opera\u00e7\u00e3o \u00e9 emergencial, n\u00e3o havia \u00f4nibus suficientes para suprir todo o sistema.<\/p>\n\n\n\n<p>&#8220;A gente vai continuar cobrando para que a frota dos \u00f4nibus seja colocada nas ruas. Muitas comunidades perderam \u00f4nibus que foram queimados naquele 9 de maio de 2023. O plano emergencial de reestrutura\u00e7\u00e3o do transporte, que elaboramos, previa a restitui\u00e7\u00e3o gradual destes coletivos. Vamos seguir na luta para que isso aconte\u00e7a de fato&#8221;, destacou o presidente da Comiss\u00e3o de Transporte e Mobilidade da C\u00e2mara, vereador Thiago Damaceno.<\/p>\n\n\n\n<p>Foto Arquivo TVC<\/p>\n","protected":false},"excerpt":{"rendered":"<p>Dois anos ap\u00f3s incidente que destruiu 78 \u00f4nibus e gerou caos na cidade, investiga\u00e7\u00e3o ainda<\/p>\n","protected":false},"author":2,"featured_media":59014,"comment_status":"open","ping_status":"open","sticky":false,"template":"","format":"standard","meta":{"footnotes":""},"categories":[12],"tags":[],"class_list":["post-103966","post","type-post","status-publish","format-standard","has-post-thumbnail","hentry","category-cidade"],"_links":{"self":[{"href":"https:\/\/tvc16.com\/portal\/wp-json\/wp\/v2\/posts\/103966","targetHints":{"allow":["GET"]}}],"collection":[{"href":"https:\/\/tvc16.com\/portal\/wp-json\/wp\/v2\/posts"}],"about":[{"href":"https:\/\/tvc16.com\/portal\/wp-json\/wp\/v2\/types\/post"}],"author":[{"embeddable":true,"href":"https:\/\/tvc16.com\/portal\/wp-json\/wp\/v2\/users\/2"}],"replies":[{"embeddable":true,"href":"https:\/\/tvc16.com\/portal\/wp-json\/wp\/v2\/comments?post=103966"}],"version-history":[{"count":1,"href":"https:\/\/tvc16.com\/portal\/wp-json\/wp\/v2\/posts\/103966\/revisions"}],"predecessor-version":[{"id":103967,"href":"https:\/\/tvc16.com\/portal\/wp-json\/wp\/v2\/posts\/103966\/revisions\/103967"}],"wp:featuredmedia":[{"embeddable":true,"href":"https:\/\/tvc16.com\/portal\/wp-json\/wp\/v2\/media\/59014"}],"wp:attachment":[{"href":"https:\/\/tvc16.com\/portal\/wp-json\/wp\/v2\/media?parent=103966"}],"wp:term":[{"taxonomy":"category","embeddable":true,"href":"https:\/\/tvc16.com\/portal\/wp-json\/wp\/v2\/categories?post=103966"},{"taxonomy":"post_tag","embeddable":true,"href":"https:\/\/tvc16.com\/portal\/wp-json\/wp\/v2\/tags?post=103966"}],"curies":[{"name":"wp","href":"https:\/\/api.w.org\/{rel}","templated":true}]}}