{"id":103968,"date":"2025-05-11T15:00:00","date_gmt":"2025-05-11T18:00:00","guid":{"rendered":"https:\/\/tvc16.com\/portal\/?p=103968"},"modified":"2025-05-10T14:55:40","modified_gmt":"2025-05-10T17:55:40","slug":"prefeitura-e-programa-sesc-mesa-brasil-entregam-leites-em-po-arrecadados-durante-a-corrida-do-trabalhador","status":"publish","type":"post","link":"https:\/\/tvc16.com\/portal\/2025\/05\/11\/prefeitura-e-programa-sesc-mesa-brasil-entregam-leites-em-po-arrecadados-durante-a-corrida-do-trabalhador\/","title":{"rendered":"Prefeitura e Programa Sesc Mesa Brasil entregam leites em p\u00f3 arrecadados durante a Corrida do Trabalhador"},"content":{"rendered":"\n<p>Foram arrecadados cerca de meia tonelada do alimento<\/p>\n\n\n\n<p>Cerca de meia tonelada de leite em p\u00f3, arrecadados na Corrida do Trabalhador (realizada no dia 1\u00b0 de Maio) foram entregues pela Prefeitura ao Programa Sesc Mesa Brasil. A parceria garantiu que os participantes fizessem a doa\u00e7\u00e3o que, agora, ser\u00e1 destinada \u00e0s institui\u00e7\u00f5es sociais cadastradas no programa em Petr\u00f3polis.<\/p>\n\n\n\n<p>A entrega aconteceu nesta sexta-feira (09\/05) no Centro Cultural Sesc Quitandinha e contou com a presen\u00e7a do secret\u00e1rio de Esportes, Leandro Kronemberguer, e do presidente do Sicom\u00e9rcio Petr\u00f3polis, diretor da Fecom\u00e9rcio-RJ e embaixador do Sesc Mesa Brasil, Marcelo Fiorini.<\/p>\n\n\n\n<p>&#8220;\u00c9 uma oportunidade para que a corrida al\u00e9m de ser um momento de lazer, seja tamb\u00e9m de solidariedade&#8221;, disse o prefeito Hingo Hammes.<\/p>\n\n\n\n<p>\u201cQuero agradecer a Prefeitura por essa oportunidade e toda equipe do Sesc Mesa Brasil. Mais uma vez estamos aqui mostrando que, aquela doa\u00e7\u00e3o que cada um faz, chega na ponta, faz toda a diferen\u00e7a e pode mudar realidades\u201d, afirmou o presidente do Sicom\u00e9rcio Marcelo Fiorini.<\/p>\n\n\n\n<p>O sucesso da a\u00e7\u00e3o tamb\u00e9m foi exaltado pelo secret\u00e1rio de Esportes. \u201cAgrade\u00e7o a toda a dire\u00e7\u00e3o do Sesc por essa parceria que ajuda as institui\u00e7\u00f5es do munic\u00edpio e promove o esporte da cidade&#8221;, disse Berg.<\/p>\n\n\n\n<p>Ser\u00e3o contempladas as institui\u00e7\u00f5es: Projeto Social C3, APAE, Sal para Terra e para o CREI S\u00e3o Francisco de Assis. &#8220;Essa iniciativa \u00e9 extremamente relevante para o terceiro setor e ter\u00e1 um impacto significativo em nosso munic\u00edpio, beneficiando mais de 400 crian\u00e7as. Quero expressar minha gratid\u00e3o pela oportunidade de estabelecer essa parceria, que fortalecer\u00e1 nossa integra\u00e7\u00e3o e permitir\u00e1 que trabalhemos juntos para fazer a diferen\u00e7a na vida dessas crian\u00e7as&#8221;, disse Cl\u00e1udio Roncoroni, coordenador do Projeto Social C3.<\/p>\n\n\n\n<p>Sobre o Sesc Mesa Brasil<\/p>\n\n\n\n<p>O Sesc Mesa Brasil \u00e9 uma Rede nacional de bancos de alimentos que atua contra a fome e o desperd\u00edcio. \u00c9 formada por mais de tr\u00eas mil parceiros doadores (produtores rurais, atacadistas e varejistas, centrais de distribui\u00e7\u00e3o e abastecimento e ind\u00fastrias de alimentos, al\u00e9m de empresas de diversos ramos de atividade), que doam seus excedentes de produ\u00e7\u00e3o, alimentos fora dos padr\u00f5es de comercializa\u00e7\u00e3o, mas em condi\u00e7\u00f5es seguras, pr\u00f3prios para o consumo. Recursos financeiros, servi\u00e7os de log\u00edstica e a\u00e7\u00e3o volunt\u00e1ria tamb\u00e9m agregam o programa de solidariedade.<\/p>\n\n\n\n<p>O programa atende prioritariamente pessoas em situa\u00e7\u00e3o de vulnerabilidade social e nutricional assistidas por entidades sociais cadastradas. Al\u00e9m disso, tamb\u00e9m atua em car\u00e1ter emergencial com um trabalho de log\u00edstica humanit\u00e1ria, mobilizando parceiros, arrecadando e distribuindo doa\u00e7\u00f5es para pessoas atingidas por calamidades em todo o pa\u00eds.<\/p>\n\n\n\n<p>Foto Divulga\u00e7\u00e3o PMP<\/p>\n\n\n\n<p><\/p>\n","protected":false},"excerpt":{"rendered":"<p>Foram arrecadados cerca de meia tonelada do alimento Cerca de meia tonelada de leite em<\/p>\n","protected":false},"author":2,"featured_media":103970,"comment_status":"open","ping_status":"open","sticky":false,"template":"","format":"standard","meta":{"footnotes":""},"categories":[12],"tags":[],"class_list":["post-103968","post","type-post","status-publish","format-standard","has-post-thumbnail","hentry","category-cidade"],"_links":{"self":[{"href":"https:\/\/tvc16.com\/portal\/wp-json\/wp\/v2\/posts\/103968","targetHints":{"allow":["GET"]}}],"collection":[{"href":"https:\/\/tvc16.com\/portal\/wp-json\/wp\/v2\/posts"}],"about":[{"href":"https:\/\/tvc16.com\/portal\/wp-json\/wp\/v2\/types\/post"}],"author":[{"embeddable":true,"href":"https:\/\/tvc16.com\/portal\/wp-json\/wp\/v2\/users\/2"}],"replies":[{"embeddable":true,"href":"https:\/\/tvc16.com\/portal\/wp-json\/wp\/v2\/comments?post=103968"}],"version-history":[{"count":1,"href":"https:\/\/tvc16.com\/portal\/wp-json\/wp\/v2\/posts\/103968\/revisions"}],"predecessor-version":[{"id":103971,"href":"https:\/\/tvc16.com\/portal\/wp-json\/wp\/v2\/posts\/103968\/revisions\/103971"}],"wp:featuredmedia":[{"embeddable":true,"href":"https:\/\/tvc16.com\/portal\/wp-json\/wp\/v2\/media\/103970"}],"wp:attachment":[{"href":"https:\/\/tvc16.com\/portal\/wp-json\/wp\/v2\/media?parent=103968"}],"wp:term":[{"taxonomy":"category","embeddable":true,"href":"https:\/\/tvc16.com\/portal\/wp-json\/wp\/v2\/categories?post=103968"},{"taxonomy":"post_tag","embeddable":true,"href":"https:\/\/tvc16.com\/portal\/wp-json\/wp\/v2\/tags?post=103968"}],"curies":[{"name":"wp","href":"https:\/\/api.w.org\/{rel}","templated":true}]}}