{"id":103972,"date":"2025-05-11T17:00:00","date_gmt":"2025-05-11T20:00:00","guid":{"rendered":"https:\/\/tvc16.com\/portal\/?p=103972"},"modified":"2025-05-10T15:03:41","modified_gmt":"2025-05-10T18:03:41","slug":"camara-cria-comissao-para-acompanhar-eventos-em-petropolis","status":"publish","type":"post","link":"https:\/\/tvc16.com\/portal\/2025\/05\/11\/camara-cria-comissao-para-acompanhar-eventos-em-petropolis\/","title":{"rendered":"C\u00e2mara cria comiss\u00e3o para acompanhar eventos em Petr\u00f3polis"},"content":{"rendered":"\n<p>Vereador apresenta projeto de lei que intensifica fiscaliza\u00e7\u00e3o sobre funcionamento de parques de divers\u00e3o<\/p>\n\n\n\n<p>A C\u00e2mara Municipal aprovou, na sess\u00e3o da \u00faltima ter\u00e7a-feira (6\/5), a cria\u00e7\u00e3o de uma Comiss\u00e3o Especial para acompanhar eventos permitidos, executados e\/ou apoiados pela Prefeitura de Petr\u00f3polis. O projeto \u00e9 de autoria do vereador Thiago Damaceno e tem o objetivo de garantir maior fiscaliza\u00e7\u00e3o por parte do Legislativo Municipal.<\/p>\n\n\n\n<p>Damaceno explicou que a necessidade de maior acompanhamento ficou evidente ap\u00f3s a morte do menino Jo\u00e3o Victor, de apenas 19 anos, que foi arremessado de um brinquedo do Crazy Park, que funcionava em paralelo com a Expo Petr\u00f3polis, no Parque Municipal Prefeito Paulo Rattes, em Itaipava.<\/p>\n\n\n\n<p>\u201cJ\u00e1 hav\u00edamos apresentado requerimento de informa\u00e7\u00f5es \u00e0 Prefeitura sobre a realiza\u00e7\u00e3o da Expo Petr\u00f3polis e do parque de divers\u00f5es, com a preocupa\u00e7\u00e3o com alguns pontos do evento. A trag\u00e9dia ocorrida foi um fato que deixou toda a cidade chocada. Infelizmente n\u00e3o podemos recuperar a vida perdida, mas com a Comiss\u00e3o, vamos poder exercer um papel de maior controle para evitar que outras trag\u00e9dias aconte\u00e7am\u201d, afirmou Damaceno.<\/p>\n\n\n\n<p>Projeto de lei aumenta fiscaliza\u00e7\u00e3o sobre funcionamento de parques de divers\u00e3o<\/p>\n\n\n\n<p>Damaceno tamb\u00e9m apresentou projeto de lei, que segue em discuss\u00e3o na C\u00e2mara, que amplia as exig\u00eancias para a concess\u00e3o de alvar\u00e1s de licen\u00e7a e funcionamento para parques de divers\u00e3o, carretas da alegria, circos e atra\u00e7\u00f5es similares em Petr\u00f3polis.<\/p>\n\n\n\n<p>Al\u00e9m da aprova\u00e7\u00e3o do Corpo de Bombeiros e da documenta\u00e7\u00e3o que j\u00e1 \u00e9 necess\u00e1ria, passa a ser obrigat\u00f3ria a apresenta\u00e7\u00e3o de laudo t\u00e9cnico, assinado por profissional competente, que atesta a seguran\u00e7a e a manuten\u00e7\u00e3o de todos os equipamentos e brinquedos.<\/p>\n\n\n\n<p>\u201cO projeto estabelece um conjunto mais rigoroso de regras para a autoriza\u00e7\u00e3o destes estabelecimentos. O Crazy Park, por exemplo, j\u00e1 havia sido alvo de muitas den\u00fancias e questionamentos por conta de sua atua\u00e7\u00e3o em Cabo Frio, al\u00e9m da not\u00f3ria precariedade dos equipamentos. Com a lei, passa a ser vedada a concess\u00e3o de alvar\u00e1s para empresas que j\u00e1 tenham sido respons\u00e1veis por acidentes fatais ou graves registrados em boletins de ocorr\u00eancia\u201d, disse o vereador. O projeto tramita em regime de urg\u00eancia e dever\u00e1 ser votado nas pr\u00f3ximas sess\u00f5es.<\/p>\n\n\n\n<p>Ser\u00e1 vedada a concess\u00e3o de alvar\u00e1 para as atra\u00e7\u00f5es ou segmentos que tenham sido respons\u00e1veis por acidentes fatais ou graves, conforme registrado em boletins de ocorr\u00eancia ou processo judicial nos \u00faltimos 24 meses, a partir da solicita\u00e7\u00e3o de autoriza\u00e7\u00e3o para funcionamento.<\/p>\n\n\n\n<p>Foto Arquivo TVC<\/p>\n","protected":false},"excerpt":{"rendered":"<p>Vereador apresenta projeto de lei que intensifica fiscaliza\u00e7\u00e3o sobre funcionamento de parques de divers\u00e3o A<\/p>\n","protected":false},"author":2,"featured_media":86313,"comment_status":"open","ping_status":"open","sticky":false,"template":"","format":"standard","meta":{"footnotes":""},"categories":[12],"tags":[],"class_list":["post-103972","post","type-post","status-publish","format-standard","has-post-thumbnail","hentry","category-cidade"],"_links":{"self":[{"href":"https:\/\/tvc16.com\/portal\/wp-json\/wp\/v2\/posts\/103972","targetHints":{"allow":["GET"]}}],"collection":[{"href":"https:\/\/tvc16.com\/portal\/wp-json\/wp\/v2\/posts"}],"about":[{"href":"https:\/\/tvc16.com\/portal\/wp-json\/wp\/v2\/types\/post"}],"author":[{"embeddable":true,"href":"https:\/\/tvc16.com\/portal\/wp-json\/wp\/v2\/users\/2"}],"replies":[{"embeddable":true,"href":"https:\/\/tvc16.com\/portal\/wp-json\/wp\/v2\/comments?post=103972"}],"version-history":[{"count":1,"href":"https:\/\/tvc16.com\/portal\/wp-json\/wp\/v2\/posts\/103972\/revisions"}],"predecessor-version":[{"id":103973,"href":"https:\/\/tvc16.com\/portal\/wp-json\/wp\/v2\/posts\/103972\/revisions\/103973"}],"wp:featuredmedia":[{"embeddable":true,"href":"https:\/\/tvc16.com\/portal\/wp-json\/wp\/v2\/media\/86313"}],"wp:attachment":[{"href":"https:\/\/tvc16.com\/portal\/wp-json\/wp\/v2\/media?parent=103972"}],"wp:term":[{"taxonomy":"category","embeddable":true,"href":"https:\/\/tvc16.com\/portal\/wp-json\/wp\/v2\/categories?post=103972"},{"taxonomy":"post_tag","embeddable":true,"href":"https:\/\/tvc16.com\/portal\/wp-json\/wp\/v2\/tags?post=103972"}],"curies":[{"name":"wp","href":"https:\/\/api.w.org\/{rel}","templated":true}]}}