{"id":103974,"date":"2025-05-12T07:00:00","date_gmt":"2025-05-12T10:00:00","guid":{"rendered":"https:\/\/tvc16.com\/portal\/?p=103974"},"modified":"2025-05-10T15:10:55","modified_gmt":"2025-05-10T18:10:55","slug":"feira-de-shiva-celebra-10-anos-com-edicao-especial","status":"publish","type":"post","link":"https:\/\/tvc16.com\/portal\/2025\/05\/12\/feira-de-shiva-celebra-10-anos-com-edicao-especial\/","title":{"rendered":"Feira de Shiva celebra 10 anos com edi\u00e7\u00e3o especial"},"content":{"rendered":"\n<p>Neste m\u00eas de maio, a tradicional Feira de Shiva celebra 10 anos com uma edi\u00e7\u00e3o comemorativa, no dia 17 de maio, no Espa\u00e7o Shiva, um espa\u00e7o colaborativo que h\u00e1 anos se dedica a oferecer pr\u00e1ticas integrativas como o Yoga, a medita\u00e7\u00e3o e as terapias hol\u00edsticas.<\/p>\n\n\n\n<p>\u201cMais do que um evento, a Feira de Shiva \u00e9 um convite e uma oportunidade para quem quer conhecer as atividades e a miss\u00e3o do Espa\u00e7o Shiva: a presen\u00e7a, conex\u00e3o com o nosso eu, com o outro e com o mundo\u201d, destacou o idealizador do evento, Victor Damazio.<\/p>\n\n\n\n<p>A edi\u00e7\u00e3o especial de 10 anos trar\u00e1 atividades que fazem parte do cotidiano do Espa\u00e7o Shiva e que representam o seu prop\u00f3sito: pr\u00e1ticas de Yoga, viv\u00eancias terap\u00eauticas, oficinas criativas e rodas de reflex\u00e3o.<\/p>\n\n\n\n<p>\u201cAo longo desses anos, o espa\u00e7o tem sido ponto de encontro de pessoas que buscam viver com mais presen\u00e7a, prop\u00f3sito e sensibilidade. A feira, que nasceu desse mesmo esp\u00edrito, celebra o coletivo, o cuidado e a troca\u201d, ressaltou o idealizador do espa\u00e7o, Mauro Gonzales.<\/p>\n\n\n\n<p>Durante todo o dia, haver\u00e1 ainda a presen\u00e7a de produtores e artes\u00e3os locais oferecendo alimentos, produtos naturais, artesanato, brech\u00f3 e outros itens feitos com afeto e consci\u00eancia.<\/p>\n\n\n\n<p>Os participantes poder\u00e3o oferecer contribui\u00e7\u00f5es volunt\u00e1rias para as atividades. A renda arrecadada nas atividades \u00e9 revertida para a manuten\u00e7\u00e3o do espa\u00e7o, garantindo que o Espa\u00e7o Shiva siga existindo e florescendo.<\/p>\n\n\n\n<p>Programa\u00e7\u00e3o Feira de Shiva Edi\u00e7\u00e3o 10 anos<\/p>\n\n\n\n<ul class=\"wp-block-list\">\n<li>8h \u2013 Aula de Yoga com Viviam N\u00e1lio<\/li>\n\n\n\n<li>9h \u2013 Aula de Yoga com Victor Damazio<\/li>\n\n\n\n<li>9h \u00e0s 12h (Salinha)\u2013 Tarot das Bruxas com a terapeuta hol\u00edstica e tar\u00f3loga, Pati Soares (Salinha)<\/li>\n\n\n\n<li>11h \u2013 Palestra &#8220;Arqu\u00e9tipos femininos na mitologia grega&#8221; com a psic\u00f3loga Ana Paula Lima<\/li>\n\n\n\n<li>12h30 (Salinha)\u2013 Encontro de Medita\u00e7\u00e3o e Reflex\u00e3o com Cl\u00e1udio Miranda<\/li>\n\n\n\n<li>13h \u2013 Oficina de Cer\u00e2mica e Arteterapia com Juliana Elael<\/li>\n\n\n\n<li>15h \u2013 Oficina de Autocanaliza\u00e7\u00e3o de Chama Violeta com Pierre Clemente<\/li>\n\n\n\n<li>17h \u2013 Celebra\u00e7\u00e3o de 10 anos da Feira: Roda de Mantras com os Violeiros de Krishna, Pierre Clemente, Ana Cec\u00edlia e amigos<\/li>\n\n\n\n<li>Feira com produtos e produtores locais das 9h \u00e0s 16h<\/li>\n<\/ul>\n\n\n\n<p>SERVI\u00c7O<br>Feira de Shiva<br>Data: 17\/05\/2025<br>Local: Espa\u00e7o Shiva \u2013 Rua 13 de Maio, 259<br>Hor\u00e1rio: 8h \u00e0s 18h<\/p>\n","protected":false},"excerpt":{"rendered":"<p>Neste m\u00eas de maio, a tradicional Feira de Shiva celebra 10 anos com uma edi\u00e7\u00e3o<\/p>\n","protected":false},"author":2,"featured_media":103975,"comment_status":"open","ping_status":"open","sticky":false,"template":"","format":"standard","meta":{"footnotes":""},"categories":[12],"tags":[],"class_list":["post-103974","post","type-post","status-publish","format-standard","has-post-thumbnail","hentry","category-cidade"],"_links":{"self":[{"href":"https:\/\/tvc16.com\/portal\/wp-json\/wp\/v2\/posts\/103974","targetHints":{"allow":["GET"]}}],"collection":[{"href":"https:\/\/tvc16.com\/portal\/wp-json\/wp\/v2\/posts"}],"about":[{"href":"https:\/\/tvc16.com\/portal\/wp-json\/wp\/v2\/types\/post"}],"author":[{"embeddable":true,"href":"https:\/\/tvc16.com\/portal\/wp-json\/wp\/v2\/users\/2"}],"replies":[{"embeddable":true,"href":"https:\/\/tvc16.com\/portal\/wp-json\/wp\/v2\/comments?post=103974"}],"version-history":[{"count":1,"href":"https:\/\/tvc16.com\/portal\/wp-json\/wp\/v2\/posts\/103974\/revisions"}],"predecessor-version":[{"id":103976,"href":"https:\/\/tvc16.com\/portal\/wp-json\/wp\/v2\/posts\/103974\/revisions\/103976"}],"wp:featuredmedia":[{"embeddable":true,"href":"https:\/\/tvc16.com\/portal\/wp-json\/wp\/v2\/media\/103975"}],"wp:attachment":[{"href":"https:\/\/tvc16.com\/portal\/wp-json\/wp\/v2\/media?parent=103974"}],"wp:term":[{"taxonomy":"category","embeddable":true,"href":"https:\/\/tvc16.com\/portal\/wp-json\/wp\/v2\/categories?post=103974"},{"taxonomy":"post_tag","embeddable":true,"href":"https:\/\/tvc16.com\/portal\/wp-json\/wp\/v2\/tags?post=103974"}],"curies":[{"name":"wp","href":"https:\/\/api.w.org\/{rel}","templated":true}]}}