{"id":103982,"date":"2025-05-11T08:00:00","date_gmt":"2025-05-11T11:00:00","guid":{"rendered":"https:\/\/tvc16.com\/portal\/?p=103982"},"modified":"2025-05-10T15:30:41","modified_gmt":"2025-05-10T18:30:41","slug":"dias-das-maes-pode-ser-chuvoso-em-maior-parte-do-pais-preve-inmet","status":"publish","type":"post","link":"https:\/\/tvc16.com\/portal\/2025\/05\/11\/dias-das-maes-pode-ser-chuvoso-em-maior-parte-do-pais-preve-inmet\/","title":{"rendered":"Dias das m\u00e3es pode ser chuvoso em maior parte do pa\u00eds, prev\u00ea Inmet"},"content":{"rendered":"\n<p>Frente fria avan\u00e7a e promete derrubar as temperaturas neste domingo<a href=\"https:\/\/api.whatsapp.com\/send?text=Dias+das+m%C3%A3es+pode+ser+chuvoso+em+maior+parte+do+pa%C3%ADs%2C+prev%C3%AA+Inmet+%7C+Ag%C3%AAncia+Brasil+%7C+Ag%C3%AAncia+Brasil+%7C+https%3A%2F%2Fagenciabrasil.ebc.com.br%2Fgeral%2Fnoticia%2F2025-05%2Fdias-das-maes-pode-ser-chuvoso-em-maior-parte-do-pais-preve-inmet\" target=\"_blank\" rel=\"noreferrer noopener\"><\/a><a href=\"https:\/\/facebook.com\/sharer.php?u=https%3A%2F%2Fagenciabrasil.ebc.com.br%2Fgeral%2Fnoticia%2F2025-05%2Fdias-das-maes-pode-ser-chuvoso-em-maior-parte-do-pais-preve-inmet&amp;t=Dias+das+m%C3%A3es+pode+ser+chuvoso+em+maior+parte+do+pa%C3%ADs%2C+prev%C3%AA+Inmet+%7C+Ag%C3%AAncia+Brasil\" target=\"_blank\" rel=\"noreferrer noopener\"><\/a><a href=\"https:\/\/twitter.com\/intent\/tweet?url=https%3A%2F%2Fagenciabrasil.ebc.com.br%2Fgeral%2Fnoticia%2F2025-05%2Fdias-das-maes-pode-ser-chuvoso-em-maior-parte-do-pais-preve-inmet&amp;text=Dias+das+m%C3%A3es+pode+ser+chuvoso+em+maior+parte+do+pa%C3%ADs%2C+prev%C3%AA+Inmet+%7C+Ag%C3%AAncia+Brasil\" target=\"_blank\" rel=\"noreferrer noopener\"><\/a><a href=\"https:\/\/www.linkedin.com\/shareArticle?url=https%3A%2F%2Fagenciabrasil.ebc.com.br%2Fgeral%2Fnoticia%2F2025-05%2Fdias-das-maes-pode-ser-chuvoso-em-maior-parte-do-pais-preve-inmet&amp;summary=Dias+das+m%C3%A3es+pode+ser+chuvoso+em+maior+parte+do+pa%C3%ADs%2C+prev%C3%AA+Inmet+%7C+Ag%C3%AAncia+Brasil\" target=\"_blank\" rel=\"noreferrer noopener\"><\/a><\/p>\n\n\n\n<p>Uma frente fria que avan\u00e7a pelo pa\u00eds causa instabilidade no tempo nos estados do Paran\u00e1 e Mato Grosso do Sul neste s\u00e1bado (10) e promete derrubar as temperaturas para os Dia das M\u00e3es nas regi\u00f5es sul e sudeste.<img decoding=\"async\" src=\"https:\/\/agenciabrasil.ebc.com.br\/ebc.png?id=1642274&amp;o=node\"><img decoding=\"async\" src=\"https:\/\/agenciabrasil.ebc.com.br\/ebc.gif?id=1642274&amp;o=node\"><\/p>\n\n\n\n<p>De acordo com o Instituto Nacional de Meteorologia (Inmet), a queda na temperatura deve provocar geadas na madrugada entre s\u00e1bado e domingo nas regi\u00f5es serrana do Rio Grande do Sul e Santa Catarina.<\/p>\n\n\n\n<p>Chuvas de moderadas a intensas devem cair em S\u00e3o Paulo e no Rio de Janeiro. A previs\u00e3o \u00e9 que as precipita\u00e7\u00f5es fiquem entre 30mm e 50mm no domingo (11). Ainda assim, as temperaturas n\u00e3o devem cair tanto. Na capital paulista, a m\u00e1xima de chegar a 29 C, enquanto no Rio a m\u00e1xima pode atingir os 36 C. &nbsp;<\/p>\n\n\n\n<p>O tempo ruim deve se espalhar pelo litoral at\u00e9 o Maranh\u00e3o, e pancadas isoladas tamb\u00e9m s\u00e3o esperadas no norte da regi\u00e3o Norte, nos estados do Par\u00e1, Amap\u00e1, Amazonas e de Roraima.<\/p>\n\n\n\n<p>Por Ag\u00eancia Brasil<\/p>\n\n\n\n<p>Foto Paulo Pinto\/Ag\u00eancia Brasil<\/p>\n","protected":false},"excerpt":{"rendered":"<p>Frente fria avan\u00e7a e promete derrubar as temperaturas neste domingo Uma frente fria que avan\u00e7a<\/p>\n","protected":false},"author":2,"featured_media":103983,"comment_status":"open","ping_status":"open","sticky":false,"template":"","format":"standard","meta":{"footnotes":""},"categories":[17],"tags":[],"class_list":["post-103982","post","type-post","status-publish","format-standard","has-post-thumbnail","hentry","category-outras-noticias"],"_links":{"self":[{"href":"https:\/\/tvc16.com\/portal\/wp-json\/wp\/v2\/posts\/103982","targetHints":{"allow":["GET"]}}],"collection":[{"href":"https:\/\/tvc16.com\/portal\/wp-json\/wp\/v2\/posts"}],"about":[{"href":"https:\/\/tvc16.com\/portal\/wp-json\/wp\/v2\/types\/post"}],"author":[{"embeddable":true,"href":"https:\/\/tvc16.com\/portal\/wp-json\/wp\/v2\/users\/2"}],"replies":[{"embeddable":true,"href":"https:\/\/tvc16.com\/portal\/wp-json\/wp\/v2\/comments?post=103982"}],"version-history":[{"count":1,"href":"https:\/\/tvc16.com\/portal\/wp-json\/wp\/v2\/posts\/103982\/revisions"}],"predecessor-version":[{"id":103984,"href":"https:\/\/tvc16.com\/portal\/wp-json\/wp\/v2\/posts\/103982\/revisions\/103984"}],"wp:featuredmedia":[{"embeddable":true,"href":"https:\/\/tvc16.com\/portal\/wp-json\/wp\/v2\/media\/103983"}],"wp:attachment":[{"href":"https:\/\/tvc16.com\/portal\/wp-json\/wp\/v2\/media?parent=103982"}],"wp:term":[{"taxonomy":"category","embeddable":true,"href":"https:\/\/tvc16.com\/portal\/wp-json\/wp\/v2\/categories?post=103982"},{"taxonomy":"post_tag","embeddable":true,"href":"https:\/\/tvc16.com\/portal\/wp-json\/wp\/v2\/tags?post=103982"}],"curies":[{"name":"wp","href":"https:\/\/api.w.org\/{rel}","templated":true}]}}