{"id":103988,"date":"2025-05-11T12:00:00","date_gmt":"2025-05-11T15:00:00","guid":{"rendered":"https:\/\/tvc16.com\/portal\/?p=103988"},"modified":"2025-05-10T15:45:51","modified_gmt":"2025-05-10T18:45:51","slug":"enem-2025-saiba-as-datas-de-inscricoes-e-das-provas-deste-ano","status":"publish","type":"post","link":"https:\/\/tvc16.com\/portal\/2025\/05\/11\/enem-2025-saiba-as-datas-de-inscricoes-e-das-provas-deste-ano\/","title":{"rendered":"Enem 2025: saiba as datas de inscri\u00e7\u00f5es e das provas deste ano"},"content":{"rendered":"\n<p>Inscri\u00e7\u00f5es poder\u00e3o ser feitas de 26 de maio a 6 de junho<\/p>\n\n\n\n<p>As inscri\u00e7\u00f5es para o Exame Nacional do Ensino M\u00e9dio (Enem) de 2025 poder\u00e3o ser feitas de 26 de maio a 6 de junho. As provas desta edi\u00e7\u00e3o est\u00e3o agendadas para os domingos,&nbsp;dias&nbsp;9 e 16 de novembro. As datas definidas foram anunciadas pelo Minist\u00e9rio da Educa\u00e7\u00e3o (MEC) nesta sexta-feira (9).<img decoding=\"async\" src=\"https:\/\/agenciabrasil.ebc.com.br\/ebc.png?id=1642255&amp;o=node\"><img decoding=\"async\" src=\"https:\/\/agenciabrasil.ebc.com.br\/ebc.gif?id=1642255&amp;o=node\"><\/p>\n\n\n\n<p>A pasta prev\u00ea que o\u00a0edital com as regras do Enem 2025 ser\u00e1 publicado em breve no\u00a0<em>Di\u00e1rio Oficial da Uni\u00e3o<\/em>\u00a0com informa\u00e7\u00f5es como as \u00e1reas de conhecimento do ensino m\u00e9dio avaliadas, normas para participa\u00e7\u00e3o dos candidatos &#8220;treineiros&#8221;, o valor da taxa de inscri\u00e7\u00e3o e as formas de pagamento. Na edi\u00e7\u00e3o de 2024, a taxa foi de R$ 85.<\/p>\n\n\n\n<p>Anualmente, os editais do Enem ainda trazem orienta\u00e7\u00f5es sobre como pedir atendimento especializado e\/ou de recurso de acessibilidade; como pedir o tratamento pelo nome social registrado na Receita Federal. Essa&nbsp;possibilidade \u00e9 destinada \u00e0 pessoa que se identifica e quer ser reconhecida socialmente conforme sua identidade de g\u00eanero.<\/p>\n\n\n\n<p>Os interessados em se inscrever devem, antes, criar cadastro e senha de acesso para a\u00a0P\u00e1gina do Participante,\u00a0por meio do login \u00fanico no endere\u00e7o eletr\u00f4nico de servi\u00e7os digitais do governo federal, o Gov.br.<\/p>\n\n\n\n<h2 class=\"wp-block-heading\">Isen\u00e7\u00e3o da taxa de inscri\u00e7\u00e3o<\/h2>\n\n\n\n<p>O\u00a0prazo para solicitar a isen\u00e7\u00e3o da taxa de inscri\u00e7\u00e3o\u00a0do exame terminou em 2 de maio. O mesmo prazo valeu para os participantes do Enem do ano passado que tiveram a gratuidade da taxa de inscri\u00e7\u00e3o, faltaram aos dias de prova, e, desejam fazer novamente o Enem, em 2025, de gra\u00e7a.<\/p>\n\n\n\n<p>O resultado da justificativa de aus\u00eancia no Enem 2024 e solicita\u00e7\u00e3o de isen\u00e7\u00e3o da taxa de inscri\u00e7\u00e3o para o Enem 2025 ser\u00e1 publicado em 12 de maio.<\/p>\n\n\n\n<p>Mesmo com a isen\u00e7\u00e3o confirmada pela equipe do Inep, o estudante precisar\u00e1 fazer a sua inscri\u00e7\u00e3o, no per\u00edodo a ser divulgado no futuro edital do Enem 2025.<\/p>\n\n\n\n<p>O solicitante que tiver o pedido negado para justificativa de aus\u00eancia no Enem 2024 ou para solicita\u00e7\u00e3o de isen\u00e7\u00e3o da taxa de inscri\u00e7\u00e3o para o Enem 2025 pode entrar com recurso entre 12 e 16 de maio. O resultado final das contesta\u00e7\u00f5es ser\u00e1 conhecido em 22 de maio.<\/p>\n\n\n\n<p>No futuro, os participantes que n\u00e3o solicitarem o recurso ou tiverem o pedido de isen\u00e7\u00e3o de pagamento da taxa de inscri\u00e7\u00e3o para o Enem 2025 reprovado dever\u00e3o se inscrever&nbsp;conforme o futuro edital do Enem 2025.<\/p>\n\n\n\n<h2 class=\"wp-block-heading\">O exame<\/h2>\n\n\n\n<p>O Enem avalia o desempenho escolar dos estudantes ao t\u00e9rmino da educa\u00e7\u00e3o b\u00e1sica.\u00a0Institui\u00e7\u00f5es de ensino p\u00fablicas e privadas usam a prova para selecionar estudantes: os resultados podem ser adotados como crit\u00e9rio \u00fanico ou complementar de processos seletivos, al\u00e9m de servirem de par\u00e2metro para acesso a aux\u00edlios governamentais, como o Fundo de Financiamento Estudantil (Fies).\u202f<\/p>\n\n\n\n<p>Os resultados individuais do exame tamb\u00e9m podem ser aproveitados em processos seletivos de institui\u00e7\u00f5es portuguesas que possuem conv\u00eanio com o Inep.\u00a0Os acordos garantem acesso facilitado \u00e0s notas dos estudantes brasileiros interessados em cursar a educa\u00e7\u00e3o superior em Portugal.<\/p>\n\n\n\n<p>Por Daniella Almeida &#8211; Rep\u00f3rter da Ag\u00eancia Brasil<\/p>\n\n\n\n<p>Foto <\/p>\n","protected":false},"excerpt":{"rendered":"<p>Inscri\u00e7\u00f5es poder\u00e3o ser feitas de 26 de maio a 6 de junho As inscri\u00e7\u00f5es para<\/p>\n","protected":false},"author":2,"featured_media":103989,"comment_status":"open","ping_status":"open","sticky":false,"template":"","format":"standard","meta":{"footnotes":""},"categories":[17],"tags":[],"class_list":["post-103988","post","type-post","status-publish","format-standard","has-post-thumbnail","hentry","category-outras-noticias"],"_links":{"self":[{"href":"https:\/\/tvc16.com\/portal\/wp-json\/wp\/v2\/posts\/103988","targetHints":{"allow":["GET"]}}],"collection":[{"href":"https:\/\/tvc16.com\/portal\/wp-json\/wp\/v2\/posts"}],"about":[{"href":"https:\/\/tvc16.com\/portal\/wp-json\/wp\/v2\/types\/post"}],"author":[{"embeddable":true,"href":"https:\/\/tvc16.com\/portal\/wp-json\/wp\/v2\/users\/2"}],"replies":[{"embeddable":true,"href":"https:\/\/tvc16.com\/portal\/wp-json\/wp\/v2\/comments?post=103988"}],"version-history":[{"count":1,"href":"https:\/\/tvc16.com\/portal\/wp-json\/wp\/v2\/posts\/103988\/revisions"}],"predecessor-version":[{"id":103990,"href":"https:\/\/tvc16.com\/portal\/wp-json\/wp\/v2\/posts\/103988\/revisions\/103990"}],"wp:featuredmedia":[{"embeddable":true,"href":"https:\/\/tvc16.com\/portal\/wp-json\/wp\/v2\/media\/103989"}],"wp:attachment":[{"href":"https:\/\/tvc16.com\/portal\/wp-json\/wp\/v2\/media?parent=103988"}],"wp:term":[{"taxonomy":"category","embeddable":true,"href":"https:\/\/tvc16.com\/portal\/wp-json\/wp\/v2\/categories?post=103988"},{"taxonomy":"post_tag","embeddable":true,"href":"https:\/\/tvc16.com\/portal\/wp-json\/wp\/v2\/tags?post=103988"}],"curies":[{"name":"wp","href":"https:\/\/api.w.org\/{rel}","templated":true}]}}