{"id":103991,"date":"2025-05-11T14:00:00","date_gmt":"2025-05-11T17:00:00","guid":{"rendered":"https:\/\/tvc16.com\/portal\/?p=103991"},"modified":"2025-05-10T15:51:31","modified_gmt":"2025-05-10T18:51:31","slug":"bienal-2025-tera-parque-literario-e-homenageara-o-escritor-ruy-castro","status":"publish","type":"post","link":"https:\/\/tvc16.com\/portal\/2025\/05\/11\/bienal-2025-tera-parque-literario-e-homenageara-o-escritor-ruy-castro\/","title":{"rendered":"Bienal 2025 ter\u00e1 parque liter\u00e1rio e homenagear\u00e1 o escritor Ruy Castro"},"content":{"rendered":"\n<p>Parque liter\u00e1rio ter\u00e1 experi\u00eancias imersivas para o p\u00fablico<a href=\"https:\/\/api.whatsapp.com\/send?text=Bienal+2025+ter%C3%A1+parque+liter%C3%A1rio+e+homenagear%C3%A1+o+escritor+Ruy+Castro+%7C+Ag%C3%AAncia+Brasil+%7C+Ag%C3%AAncia+Brasil+%7C+https%3A%2F%2Fagenciabrasil.ebc.com.br%2Fcultura%2Fnoticia%2F2025-05%2Fbienal-2025-tera-parque-literario-e-homenageara-o-escritor-ruy-castro\" target=\"_blank\" rel=\"noreferrer noopener\"><\/a><a href=\"https:\/\/facebook.com\/sharer.php?u=https%3A%2F%2Fagenciabrasil.ebc.com.br%2Fcultura%2Fnoticia%2F2025-05%2Fbienal-2025-tera-parque-literario-e-homenageara-o-escritor-ruy-castro&amp;t=Bienal+2025+ter%C3%A1+parque+liter%C3%A1rio+e+homenagear%C3%A1+o+escritor+Ruy+Castro+%7C+Ag%C3%AAncia+Brasil\" target=\"_blank\" rel=\"noreferrer noopener\"><\/a><a href=\"https:\/\/twitter.com\/intent\/tweet?url=https%3A%2F%2Fagenciabrasil.ebc.com.br%2Fcultura%2Fnoticia%2F2025-05%2Fbienal-2025-tera-parque-literario-e-homenageara-o-escritor-ruy-castro&amp;text=Bienal+2025+ter%C3%A1+parque+liter%C3%A1rio+e+homenagear%C3%A1+o+escritor+Ruy+Castro+%7C+Ag%C3%AAncia+Brasil\" target=\"_blank\" rel=\"noreferrer noopener\"><\/a><a href=\"https:\/\/www.linkedin.com\/shareArticle?url=https%3A%2F%2Fagenciabrasil.ebc.com.br%2Fcultura%2Fnoticia%2F2025-05%2Fbienal-2025-tera-parque-literario-e-homenageara-o-escritor-ruy-castro&amp;summary=Bienal+2025+ter%C3%A1+parque+liter%C3%A1rio+e+homenagear%C3%A1+o+escritor+Ruy+Castro+%7C+Ag%C3%AAncia+Brasil\" target=\"_blank\" rel=\"noreferrer noopener\"><\/a><\/p>\n\n\n\n<p>A Bienal do Livro 2025 est\u00e1 programada para acontecer entre 13 e 22 de junho, no Rio de Janeiro, com homenagem ao escritor e jornalista Ruy Castro, que lan\u00e7ar\u00e1 dois livros no evento.\u00a0O festival ser\u00e1 organizado por meio de um conceito de Book Park, um tipo de parque liter\u00e1rio com experi\u00eancias mais imersivas e l\u00fadicas para o p\u00fablico.\u00a0<img decoding=\"async\" src=\"https:\/\/agenciabrasil.ebc.com.br\/ebc.png?id=1642230&amp;o=node\"><img decoding=\"async\" src=\"https:\/\/agenciabrasil.ebc.com.br\/ebc.gif?id=1642230&amp;o=node\"><\/p>\n\n\n\n<p>O evento deste ano ganhou mais import\u00e2ncia com a escolha do Rio como Capital Mundial do Livro em 2025 pela Organiza\u00e7\u00e3o das Na\u00e7\u00f5es Unidas para a Educa\u00e7\u00e3o, Ci\u00eancia e Cultura (Unesco).<\/p>\n\n\n\n<blockquote class=\"wp-block-quote is-layout-flow wp-block-quote-is-layout-flow\">\n<p>\u201cEu comecei a frequentar a Bienal como crian\u00e7a e apenas leitor. E toda vez que entro na Bienal ainda hoje dou uma chorada de emo\u00e7\u00e3o. Adoro essa ideia de Book Park porque traz um senso de divers\u00e3o e entretenimento. Eu defendo bastante tirar essas ideias da literatura como pedestal, de que ela \u00e9 para poucos. Colocar a literatura no lugar que ela deve estar, de ser t\u00e3o divertida como jogar videogame e assistir s\u00e9rie\u201d, disse o escritor Raphael Montes, que vai participar do evento deste ano.<\/p>\n<\/blockquote>\n\n\n\n<p><strong>A programa\u00e7\u00e3o oficial traz em destaque autores brasileiros como:<\/strong><\/p>\n\n\n\n<ul class=\"wp-block-list\">\n<li>Ailton Krenak,<\/li>\n\n\n\n<li>Concei\u00e7\u00e3o Evaristo,<\/li>\n\n\n\n<li>Marcelo Rubens Paiva,<\/li>\n\n\n\n<li>Drauzio Varella,<\/li>\n\n\n\n<li>Pedro Bial,<\/li>\n\n\n\n<li>Miriam Leit\u00e3o,<\/li>\n\n\n\n<li>Mario Sergio Cortella,<\/li>\n\n\n\n<li>Leandro Karnal,<\/li>\n\n\n\n<li>Gabriela Prioli,<\/li>\n\n\n\n<li>Itamar Vieira Junior,<\/li>\n\n\n\n<li>Aline Bei,<\/li>\n\n\n\n<li>Jefferson Tenorio.<\/li>\n<\/ul>\n\n\n\n<p><strong>Entre os estrangeiros, est\u00e3o previstos:<\/strong><\/p>\n\n\n\n<ul class=\"wp-block-list\">\n<li>A nigeriana Chimamanda Ngozi Adichie,<\/li>\n\n\n\n<li>A cubana Teresa Afonso Cruz,<\/li>\n\n\n\n<li>A\u00a0brit\u00e2nica Cara Hunter,<\/li>\n\n\n\n<li>As italianas Dacia Maraini e Antonella Lattanzi,<\/li>\n\n\n\n<li>A chilena Lina Meruane,<\/li>\n\n\n\n<li>Os norte-americanos GT Karber, Lynn Painter e Alexene Farol Folmuth,<\/li>\n\n\n\n<li>O canadense Brynne Weaver.<\/li>\n<\/ul>\n\n\n\n<p>A Bienal \u00e9 organizada pela empresa GL events Exhibitions em parceria com o Sindicato Nacional dos Editores de Livros (SNEL).<\/p>\n\n\n\n<blockquote class=\"wp-block-quote is-layout-flow wp-block-quote-is-layout-flow\">\n<p>\u201cA Bienal \u00e9 muito mais do que um festival, \u00e9 uma celebra\u00e7\u00e3o da leitura e da pot\u00eancia transformadora dos livros. E se est\u00e1 presente na mem\u00f3ria afetiva da cidade h\u00e1 d\u00e9cadas, desta vez, os visitantes v\u00e3o viver experi\u00eancias ainda mais marcantes\u201d, disse Tatiana Zaccaro, diretora da GL events Exhibitions.<\/p>\n<\/blockquote>\n\n\n\n<p>\u201cSe na \u00faltima edi\u00e7\u00e3o comemoramos os 40 anos do maior festival liter\u00e1rio do pa\u00eds, este ano olhamos para o futuro, para mostrar a import\u00e2ncia do livro em todas as suas formas\u201d, disse o presidente da SNEL, Dante Cid.<\/p>\n\n\n\n<figure class=\"wp-block-image\"><img decoding=\"async\" src=\"https:\/\/imagens.ebc.com.br\/qIyKuOjoJWdogOoX25RVrUVLw68=\/754x0\/smart\/https:\/\/agenciabrasil.ebc.com.br\/sites\/default\/files\/thumbnails\/image\/2025\/05\/09\/whatsapp_image_2025-05-09_at_18.03.15.jpg?itok=OjKLo54S\" alt=\"Bras\u00edlia (DF) 09\/05\/2025 -  Bienal 2025 ter\u00e1 parque liter\u00e1rio e homenagear\u00e1 o escritor Ruy Castro. Foto  Divulga\u00e7\u00e3o \/ Bienal do Livro Rio \/ Filmart\" title=\"Divulga\u00e7\u00e3o \/ Bienal do Livro Rio \/ Filmart\"\/><\/figure>\n\n\n\n<h6 class=\"wp-block-heading\">Bienal 2025 ter\u00e1 parque liter\u00e1rio e homenagear\u00e1 o escritor Ruy Castro. Foto:&nbsp;<strong>Divulga\u00e7\u00e3o \/ Bienal do Livro Rio \/ Filmart<\/strong><\/h6>\n\n\n\n<h2 class=\"wp-block-heading\">Acesso<\/h2>\n\n\n\n<p>Os ingressos podem ser comprados pelo site oficial do evento por R$ 42 (inteira) e R$ 21 (meia). Professores e bibliotec\u00e1rios t\u00eam acesso gratuito com a apresenta\u00e7\u00e3o da carteira profissional. O evento ter\u00e1 uma roda gigante e quem quiser comprar ingresso antecipado o valor \u00e9 R$ 20 (inteira) e R$ 10 (meia).<\/p>\n\n\n\n<p>O servi\u00e7o de transporte privado ser\u00e1 ampliado em rotas tidas como estrat\u00e9gicas, informaram os organizadores, para que o acesso ao Riocentro seja facilitado. Hor\u00e1rios e pontos de embarque est\u00e3o dispon\u00edveis no site oficial da Bienal.<\/p>\n\n\n\n<p>Por Rafael Cardoso &#8211; Rep\u00f3rter da Ag\u00eancia Brasil<\/p>\n\n\n\n<p>Foto R\u00e1dio MEC <\/p>\n","protected":false},"excerpt":{"rendered":"<p>Parque liter\u00e1rio ter\u00e1 experi\u00eancias imersivas para o p\u00fablico A Bienal do Livro 2025 est\u00e1 programada<\/p>\n","protected":false},"author":2,"featured_media":103992,"comment_status":"open","ping_status":"open","sticky":false,"template":"","format":"standard","meta":{"footnotes":""},"categories":[17],"tags":[],"class_list":["post-103991","post","type-post","status-publish","format-standard","has-post-thumbnail","hentry","category-outras-noticias"],"_links":{"self":[{"href":"https:\/\/tvc16.com\/portal\/wp-json\/wp\/v2\/posts\/103991","targetHints":{"allow":["GET"]}}],"collection":[{"href":"https:\/\/tvc16.com\/portal\/wp-json\/wp\/v2\/posts"}],"about":[{"href":"https:\/\/tvc16.com\/portal\/wp-json\/wp\/v2\/types\/post"}],"author":[{"embeddable":true,"href":"https:\/\/tvc16.com\/portal\/wp-json\/wp\/v2\/users\/2"}],"replies":[{"embeddable":true,"href":"https:\/\/tvc16.com\/portal\/wp-json\/wp\/v2\/comments?post=103991"}],"version-history":[{"count":1,"href":"https:\/\/tvc16.com\/portal\/wp-json\/wp\/v2\/posts\/103991\/revisions"}],"predecessor-version":[{"id":103993,"href":"https:\/\/tvc16.com\/portal\/wp-json\/wp\/v2\/posts\/103991\/revisions\/103993"}],"wp:featuredmedia":[{"embeddable":true,"href":"https:\/\/tvc16.com\/portal\/wp-json\/wp\/v2\/media\/103992"}],"wp:attachment":[{"href":"https:\/\/tvc16.com\/portal\/wp-json\/wp\/v2\/media?parent=103991"}],"wp:term":[{"taxonomy":"category","embeddable":true,"href":"https:\/\/tvc16.com\/portal\/wp-json\/wp\/v2\/categories?post=103991"},{"taxonomy":"post_tag","embeddable":true,"href":"https:\/\/tvc16.com\/portal\/wp-json\/wp\/v2\/tags?post=103991"}],"curies":[{"name":"wp","href":"https:\/\/api.w.org\/{rel}","templated":true}]}}