{"id":103994,"date":"2025-05-11T16:00:00","date_gmt":"2025-05-11T19:00:00","guid":{"rendered":"https:\/\/tvc16.com\/portal\/?p=103994"},"modified":"2025-05-10T15:56:01","modified_gmt":"2025-05-10T18:56:01","slug":"claudio-castro-propoe-acordo-com-agencia-antidrogas-dea-dos-eua","status":"publish","type":"post","link":"https:\/\/tvc16.com\/portal\/2025\/05\/11\/claudio-castro-propoe-acordo-com-agencia-antidrogas-dea-dos-eua\/","title":{"rendered":"Cl\u00e1udio Castro prop\u00f5e acordo com Ag\u00eancia Antidrogas (DEA) dos EUA"},"content":{"rendered":"\n<p>Objetivo \u00e9 prevenir o crescimento das organiza\u00e7\u00f5es criminosas<\/p>\n\n\n\n<p>O governador Cl\u00e1udio Castro prop\u00f4s, em visita a Nova Iorque, nesta sexta-feira (9), um\u00a0acordo de coopera\u00e7\u00e3o com a Ag\u00eancia Antidrogas (DEA), dos Estados Unidos, para fortalecer as pol\u00edticas de combate ao tr\u00e1fico de drogas no Estado do Rio de Janeiro. A finalidade \u00e9 realizar um cruzamento de dados para prevenir o crescimento das organiza\u00e7\u00f5es criminosas.<img decoding=\"async\" src=\"https:\/\/agenciabrasil.ebc.com.br\/ebc.png?id=1642273&amp;o=node\"><img decoding=\"async\" src=\"https:\/\/agenciabrasil.ebc.com.br\/ebc.gif?id=1642273&amp;o=node\"><\/p>\n\n\n\n<blockquote class=\"wp-block-quote is-layout-flow wp-block-quote-is-layout-flow\">\n<p>\u201cVamos unir nossos agentes aos do DEA, que tem escrit\u00f3rio no Rio. Firmar um memorando de inten\u00e7\u00f5es com o Departamento Antidrogas dos Estados Unidos ser\u00e1 extremamente enriquecedor, porque estamos falando de uma divis\u00e3o com expertise reconhecida em todo o mundo por opera\u00e7\u00f5es como o desmantelamento do Cartel de Medell\u00edn\u201d, afirmou Castro.<\/p>\n<\/blockquote>\n\n\n\n<p>Al\u00e9m de investigar o tr\u00e1fico de drogas, as atividades da ag\u00eancia norte-americana antidrogas tamb\u00e9m incluem pris\u00e3o de traficantes e organiza\u00e7\u00f5es criminosas envolvidas com drogas ilegais; erradicar planta\u00e7\u00f5es de drogas; colaborar com ag\u00eancias internacionais em opera\u00e7\u00f5es de combate ao narcotr\u00e1fico; e controlar subst\u00e2ncias qu\u00edmicas usadas na fabrica\u00e7\u00e3o de drogas.<\/p>\n\n\n\n<h2 class=\"wp-block-heading\">Apreens\u00f5es<\/h2>\n\n\n\n<p>As opera\u00e7\u00f5es realizadas pelas for\u00e7as de seguran\u00e7a resultaram, em 2024, de acordo com o Instituto de Seguran\u00e7a P\u00fablica (ISP), em 23.930 registros de apreens\u00e3o de drogas.\u00a0No primeiro trimestre deste ano, j\u00e1 foram registradas 6.090 apreens\u00f5es de entorpecentes, um aumento de 5% em rela\u00e7\u00e3o ao mesmo per\u00edodo de 2024. \u201cOs resultados t\u00eam refletido o esfor\u00e7o cont\u00ednuo das nossas for\u00e7as de seguran\u00e7a. Aumentar a presen\u00e7a policial e a efetividade das a\u00e7\u00f5es \u00e9 essencial para enfraquecer o tr\u00e1fico e proteger a popula\u00e7\u00e3o\u201d, avaliou o governador.<\/p>\n\n\n\n<p>Por Douglas Corr\u00eaa &#8211; Rep\u00f3rter da Ag\u00eancia Brasil<\/p>\n\n\n\n<p>Foto Rafael Campos\/ Gov. RJ<\/p>\n","protected":false},"excerpt":{"rendered":"<p>Objetivo \u00e9 prevenir o crescimento das organiza\u00e7\u00f5es criminosas O governador Cl\u00e1udio Castro prop\u00f4s, em visita<\/p>\n","protected":false},"author":2,"featured_media":103995,"comment_status":"open","ping_status":"open","sticky":false,"template":"","format":"standard","meta":{"footnotes":""},"categories":[17],"tags":[],"class_list":["post-103994","post","type-post","status-publish","format-standard","has-post-thumbnail","hentry","category-outras-noticias"],"_links":{"self":[{"href":"https:\/\/tvc16.com\/portal\/wp-json\/wp\/v2\/posts\/103994","targetHints":{"allow":["GET"]}}],"collection":[{"href":"https:\/\/tvc16.com\/portal\/wp-json\/wp\/v2\/posts"}],"about":[{"href":"https:\/\/tvc16.com\/portal\/wp-json\/wp\/v2\/types\/post"}],"author":[{"embeddable":true,"href":"https:\/\/tvc16.com\/portal\/wp-json\/wp\/v2\/users\/2"}],"replies":[{"embeddable":true,"href":"https:\/\/tvc16.com\/portal\/wp-json\/wp\/v2\/comments?post=103994"}],"version-history":[{"count":1,"href":"https:\/\/tvc16.com\/portal\/wp-json\/wp\/v2\/posts\/103994\/revisions"}],"predecessor-version":[{"id":103996,"href":"https:\/\/tvc16.com\/portal\/wp-json\/wp\/v2\/posts\/103994\/revisions\/103996"}],"wp:featuredmedia":[{"embeddable":true,"href":"https:\/\/tvc16.com\/portal\/wp-json\/wp\/v2\/media\/103995"}],"wp:attachment":[{"href":"https:\/\/tvc16.com\/portal\/wp-json\/wp\/v2\/media?parent=103994"}],"wp:term":[{"taxonomy":"category","embeddable":true,"href":"https:\/\/tvc16.com\/portal\/wp-json\/wp\/v2\/categories?post=103994"},{"taxonomy":"post_tag","embeddable":true,"href":"https:\/\/tvc16.com\/portal\/wp-json\/wp\/v2\/tags?post=103994"}],"curies":[{"name":"wp","href":"https:\/\/api.w.org\/{rel}","templated":true}]}}