{"id":104000,"date":"2025-05-11T20:00:00","date_gmt":"2025-05-11T23:00:00","guid":{"rendered":"https:\/\/tvc16.com\/portal\/?p=104000"},"modified":"2025-05-10T16:09:04","modified_gmt":"2025-05-10T19:09:04","slug":"migracao-mais-107-professores-concluem-a-migracao-para-30-horas-semanais","status":"publish","type":"post","link":"https:\/\/tvc16.com\/portal\/2025\/05\/11\/migracao-mais-107-professores-concluem-a-migracao-para-30-horas-semanais\/","title":{"rendered":"Migra\u00e7\u00e3o: Mais 107 professores concluem a migra\u00e7\u00e3o para 30 horas semanais"},"content":{"rendered":"\n<p><em>Com a publica\u00e7\u00e3o do Di\u00e1rio Oficial na \u00faltima sexta-feira (09\/05), n\u00famero de profissionais no novo regime de trabalho chega a 7.251<\/em><\/p>\n\n\n\n<p>Mais uma boa not\u00edcia para a educa\u00e7\u00e3o do estado do Rio: mais 107 professores da rede estadual com matr\u00edculas de carga hor\u00e1ria semanal de 18 horas e que se inscreveram para fazer a migra\u00e7\u00e3o de jornada j\u00e1 podem se considerar docentes de 30 horas. Aprovados no processo seletivo interno, eles tiveram seus nomes publicados no Di\u00e1rio Oficial da \u00faltima sexta-feira (09\/05). Nesta gest\u00e3o, 7.251 profissionais j\u00e1 conclu\u00edram sua migra\u00e7\u00e3o.<\/p>\n\n\n\n<p>Agora, os candidatos aprovados precisam se dirigir \u00e0 Coordenadoria de Gest\u00e3o de Pessoas da Regional de sua lota\u00e7\u00e3o, no dia e hor\u00e1rio fixados no edital publicado hoje para fazerem a escolha das vagas com os hor\u00e1rios das aulas. Cabe ressaltar que a mudan\u00e7a n\u00e3o ser\u00e1 obrigat\u00f3ria, e o cargo de Professor Docente I de 18 horas n\u00e3o ser\u00e1 extinto.<\/p>\n\n\n\n<p>\u2014 Esse esfor\u00e7o demonstra o compromisso que o governo tem com os docentes e com um di\u00e1logo respeitoso que, aliado a uma gest\u00e3o s\u00e9ria, vai dar resultados muito positivos para o ensino. Estamos mostrando, com esse processo, que o trabalho s\u00e9rio gera resultados para os nossos servidores e tamb\u00e9m para os nossos alunos \u2014 comentou a secret\u00e1ria de Estado de Educa\u00e7\u00e3o, Roberta Barreto.<\/p>\n\n\n\n<p>O regime de 30 horas semanais dever\u00e1 ser cumprido na forma de 20 horas de efetiva reg\u00eancia, acrescida de 10 horas de planejamento e estudo, seguindo assim a Lei de Diretrizes e Bases da Educa\u00e7\u00e3o. Tamb\u00e9m n\u00e3o haver\u00e1 preju\u00edzo na progress\u00e3o para os que optarem pela troca do regime, sendo assegurada a manuten\u00e7\u00e3o do n\u00edvel e refer\u00eancia que se encontravam antes da migra\u00e7\u00e3o, conforme Plano de Carreira do Magist\u00e9rio, bem como ser\u00e1 mantida a classifica\u00e7\u00e3o do docente na unidade escolar para efeito de aloca\u00e7\u00e3o nas turmas e turnos.<\/p>\n\n\n\n<p>Os rendimentos destes profissionais ser\u00e3o atualizados de acordo com a tabela de vencimentos do Professor Docente I &#8211; 30h, assim que a folha de pagamento processar a altera\u00e7\u00e3o de jornada, o que deve ocorrer no pagamento seguinte \u00e0 migra\u00e7\u00e3o. A mudan\u00e7a de regime ser\u00e1 aplicada em todas as \u00e1reas da carreira do docente, incluindo benef\u00edcios que ser\u00e3o levados para aposentadoria, com remunera\u00e7\u00e3o proporcional \u00e0 nova jornada.<\/p>\n","protected":false},"excerpt":{"rendered":"<p>Com a publica\u00e7\u00e3o do Di\u00e1rio Oficial na \u00faltima sexta-feira (09\/05), n\u00famero de profissionais no novo<\/p>\n","protected":false},"author":2,"featured_media":104001,"comment_status":"open","ping_status":"open","sticky":false,"template":"","format":"standard","meta":{"footnotes":""},"categories":[17],"tags":[],"class_list":["post-104000","post","type-post","status-publish","format-standard","has-post-thumbnail","hentry","category-outras-noticias"],"_links":{"self":[{"href":"https:\/\/tvc16.com\/portal\/wp-json\/wp\/v2\/posts\/104000","targetHints":{"allow":["GET"]}}],"collection":[{"href":"https:\/\/tvc16.com\/portal\/wp-json\/wp\/v2\/posts"}],"about":[{"href":"https:\/\/tvc16.com\/portal\/wp-json\/wp\/v2\/types\/post"}],"author":[{"embeddable":true,"href":"https:\/\/tvc16.com\/portal\/wp-json\/wp\/v2\/users\/2"}],"replies":[{"embeddable":true,"href":"https:\/\/tvc16.com\/portal\/wp-json\/wp\/v2\/comments?post=104000"}],"version-history":[{"count":1,"href":"https:\/\/tvc16.com\/portal\/wp-json\/wp\/v2\/posts\/104000\/revisions"}],"predecessor-version":[{"id":104002,"href":"https:\/\/tvc16.com\/portal\/wp-json\/wp\/v2\/posts\/104000\/revisions\/104002"}],"wp:featuredmedia":[{"embeddable":true,"href":"https:\/\/tvc16.com\/portal\/wp-json\/wp\/v2\/media\/104001"}],"wp:attachment":[{"href":"https:\/\/tvc16.com\/portal\/wp-json\/wp\/v2\/media?parent=104000"}],"wp:term":[{"taxonomy":"category","embeddable":true,"href":"https:\/\/tvc16.com\/portal\/wp-json\/wp\/v2\/categories?post=104000"},{"taxonomy":"post_tag","embeddable":true,"href":"https:\/\/tvc16.com\/portal\/wp-json\/wp\/v2\/tags?post=104000"}],"curies":[{"name":"wp","href":"https:\/\/api.w.org\/{rel}","templated":true}]}}