{"id":104005,"date":"2025-05-12T08:00:00","date_gmt":"2025-05-12T11:00:00","guid":{"rendered":"https:\/\/tvc16.com\/portal\/?p=104005"},"modified":"2025-05-10T17:07:44","modified_gmt":"2025-05-10T20:07:44","slug":"dia-d-contra-a-gripe-saude-rj-apoia-municipios-para-ampliar-cobertura-vacinal-em-todo-estado","status":"publish","type":"post","link":"https:\/\/tvc16.com\/portal\/2025\/05\/12\/dia-d-contra-a-gripe-saude-rj-apoia-municipios-para-ampliar-cobertura-vacinal-em-todo-estado\/","title":{"rendered":"Dia D contra a gripe: Sa\u00fade RJ apoia munic\u00edpios para ampliar cobertura vacinal em todo estado"},"content":{"rendered":"\n<p><em>No s\u00e1bado (10\/5), dia da mobiliza\u00e7\u00e3o nacional, t\u00e9cnicos da SES-RJ participaram de a\u00e7\u00f5es sociais e de sa\u00fade em v\u00e1rias cidades fluminenses<\/em><\/p>\n\n\n\n<p>No dia D de Vacina\u00e7\u00e3o contra a gripe em todo o pa\u00eds, a Secretaria de Estado de Sa\u00fade do Rio de Janeiro (SES-RJ) participou de uma s\u00e9rie de a\u00e7\u00f5es, no s\u00e1bado (10\/05), \u00a0especialmente na Baixada Fluminense, para refor\u00e7ar a import\u00e2ncia de ampliar a cobertura vacinal contra a influenza nos munic\u00edpios fluminenses. Em Mag\u00e9, uma a\u00e7\u00e3o social da Prefeitura em parceria com o Estado n\u00e3o s\u00f3 disponibilizou a vacina da gripe ao p\u00fablico alvo \u2013 crian\u00e7as de seis meses a 6 anos, gestantes, pu\u00e9rperas e idosos com mais de 60 anos, profissionais de sa\u00fade e seguran\u00e7a, ind\u00edgenas e quilombolas \u2013 como tamb\u00e9m garantiu servi\u00e7os de sa\u00fade com consultas e exames, al\u00e9m de emiss\u00e3o de diversos documentos.<\/p>\n\n\n\n<p>A a\u00e7\u00e3o ocorreu na Pra\u00e7a 7 de setembro, no Centro de Piabet\u00e1, distrito de Mag\u00e9. Al\u00e9m dos imunizantes contra influenza, foram aplicadas vacinas da tr\u00edplice viral, que protegem contra o sarampo, caxumba e rub\u00e9ola.&nbsp;<\/p>\n\n\n\n<p>Para o subsecret\u00e1rio de Vigil\u00e2ncia e Aten\u00e7\u00e3o Prim\u00e1ria \u00e0 Sa\u00fade da SES-RJ, Mario S\u00e9rgio Ribeiro, as mobiliza\u00e7\u00f5es em todas as cidades s\u00e3o uma forma de estimular as pessoas a buscarem os imunizantes que garantem prote\u00e7\u00e3o.&nbsp;<\/p>\n\n\n\n<p>&#8220;O estado do Rio de Janeiro sempre atingiu as metas de coberturas vacinais. Mas, de 2016 para c\u00e1, houve uma grande queda nessa procura, acentuada pela pandemia. H\u00e1 dois anos, os \u00edndices de cobertura v\u00eam melhorando, com foco em atingir as metas e devolver ao RJ o status de campe\u00e3o de vacina\u00e7\u00e3o\u201d, declarou Mario Ribeiro, destacando a import\u00e2ncia das mobiliza\u00e7\u00f5es em todas as cidades para garantir a imuniza\u00e7\u00e3o, especialmente entre as pessoas integrantes do p\u00fablico-alvo.&nbsp;<\/p>\n\n\n\n<p>O subsecret\u00e1rio ressaltou ainda que, embora a estrat\u00e9gia nacional foque nesse p\u00fablico, nada impede que os munic\u00edpios tracem suas pr\u00f3prias estrat\u00e9gias de vacina\u00e7\u00e3o.&nbsp;<\/p>\n\n\n\n<p>Desde o in\u00edcio da campanha, iniciada no RJ em 2 de abril, 635.445 pessoas foram vacinadas contra a gripe no estado, o que corresponde a 8,9% do p\u00fablico-alvo. At\u00e9 ao meio-dia deste s\u00e1bado, mais de cem pessoas j\u00e1 haviam sido vacinadas apenas na cidade de Mag\u00e9. O imunizante protege contra os v\u00edrus influenza A (H1N1 e H3N2) e B.&nbsp;<\/p>\n\n\n\n<p>Subsecret\u00e1rio de Aten\u00e7\u00e3o \u00e0 Sa\u00fade, Caio Souza acompanhou as a\u00e7\u00f5es da SES-RJ em v\u00e1rias cidades. Ele tamb\u00e9m refor\u00e7ou a necessidade de a popula\u00e7\u00e3o tomar a vacina da gripe, especialmente neste per\u00edodo que antecede o inverno.&nbsp;<\/p>\n\n\n\n<p>\u201cEstamos nos aproximando do per\u00edodo mais frio do ano, e \u00e9 fundamental que as pessoas estejam protegidas contra o v\u00edrus da gripe para evitar o agravamento dos casos\u201d, disse Caio Souza, lembrando que a SES-RJ mant\u00e9m permanentemente a campanha \u201cVai de vacina, n\u00e3o vacila\u201d, refor\u00e7ando a import\u00e2ncia da vacina\u00e7\u00e3o.<\/p>\n\n\n\n<p>O estudante Vin\u00edcius Freitas, de 27 anos, n\u00e3o perdeu tempo e entrou na fila para tomar a vacina contra a gripe. Morador de Mag\u00e9, ele aprovou a iniciativa da campanha. &#8220;Sempre mantenho minha caderneta de vacina\u00e7\u00e3o em dia. E dessa vez n\u00e3o seria diferente&#8221;, afirmou.<\/p>\n\n\n\n<p><strong>A\u00e7\u00e3o social tamb\u00e9m ofereceu exames de mamografia e emiss\u00e3o de documentos<\/strong><\/p>\n\n\n\n<p>O Dia D de vacina\u00e7\u00e3o em Mag\u00e9, na Baixada Fluminense, tamb\u00e9m ocorreu em meio a uma a\u00e7\u00e3o social que ofereceu v\u00e1rios servi\u00e7os \u00e0 popula\u00e7\u00e3o, uma parceria do Governo do Estado com a Prefeitura de Mag\u00e9. O mam\u00f3grafo m\u00f3vel da SES-RJ realizou exames de mamografia e ultrassonografia. Tamb\u00e9m foram feitas aferi\u00e7\u00e3o de glicose, press\u00e3o arterial e teste de dengue e Covid-19.&nbsp;<\/p>\n\n\n\n<p>O programa RJ Para Todos, do Governo do Estado, tamb\u00e9m esteve presente com oferta de servi\u00e7os, como segunda via de carteira de identidade, certid\u00e3o de nascimento entre outros documentos. Foi feito cadastro para vagas de emprego no caminh\u00e3o da Secretaria de Estado de Trabalho e a popula\u00e7\u00e3o tamb\u00e9m p\u00f4de fazer cadastro no CAD\u00danico.&nbsp;<\/p>\n\n\n\n<p>A pescadora M\u00e1rcia Neves Beliz\u00e1rio, de 48 anos, saiu cedo de casa para fazer pela primeira vez o exame de mamografia. Ela levou o encaminhamento do m\u00e9dico e foi atendida no mam\u00f3grafo m\u00f3vel do SES-RJ.<\/p>\n\n\n\n<p>&#8220;Nunca tinha feito uma mamografia na vida, \u00e9 um exame caro e n\u00e3o tenho condi\u00e7\u00f5es de pagar. Quando soube que o mam\u00f3grafo estaria aqui na pra\u00e7a fui ao m\u00e9dico e ele fez o pedido. Agora estou mais tranquila depois de ter feito o exame&#8221;, afirmou a moradora de Mag\u00e9.<\/p>\n\n\n\n<p>Equipes do SAMU-RJ deram orienta\u00e7\u00f5es de primeiros socorros para as pessoas atuarem em casos de acidentes. T\u00e9cnicos do Instituto Vital Brazil (IVB) tamb\u00e9m participaram do evento expondo alguns animais pe\u00e7onhentos e com informa\u00e7\u00f5es de como proceder em situa\u00e7\u00f5es de alguma pessoa ser picada.&nbsp;<\/p>\n\n\n\n<p>Foto Divulga\u00e7\u00e3o<\/p>\n","protected":false},"excerpt":{"rendered":"<p>No s\u00e1bado (10\/5), dia da mobiliza\u00e7\u00e3o nacional, t\u00e9cnicos da SES-RJ participaram de a\u00e7\u00f5es sociais e<\/p>\n","protected":false},"author":2,"featured_media":104006,"comment_status":"open","ping_status":"open","sticky":false,"template":"","format":"standard","meta":{"footnotes":""},"categories":[17],"tags":[],"class_list":["post-104005","post","type-post","status-publish","format-standard","has-post-thumbnail","hentry","category-outras-noticias"],"_links":{"self":[{"href":"https:\/\/tvc16.com\/portal\/wp-json\/wp\/v2\/posts\/104005","targetHints":{"allow":["GET"]}}],"collection":[{"href":"https:\/\/tvc16.com\/portal\/wp-json\/wp\/v2\/posts"}],"about":[{"href":"https:\/\/tvc16.com\/portal\/wp-json\/wp\/v2\/types\/post"}],"author":[{"embeddable":true,"href":"https:\/\/tvc16.com\/portal\/wp-json\/wp\/v2\/users\/2"}],"replies":[{"embeddable":true,"href":"https:\/\/tvc16.com\/portal\/wp-json\/wp\/v2\/comments?post=104005"}],"version-history":[{"count":1,"href":"https:\/\/tvc16.com\/portal\/wp-json\/wp\/v2\/posts\/104005\/revisions"}],"predecessor-version":[{"id":104007,"href":"https:\/\/tvc16.com\/portal\/wp-json\/wp\/v2\/posts\/104005\/revisions\/104007"}],"wp:featuredmedia":[{"embeddable":true,"href":"https:\/\/tvc16.com\/portal\/wp-json\/wp\/v2\/media\/104006"}],"wp:attachment":[{"href":"https:\/\/tvc16.com\/portal\/wp-json\/wp\/v2\/media?parent=104005"}],"wp:term":[{"taxonomy":"category","embeddable":true,"href":"https:\/\/tvc16.com\/portal\/wp-json\/wp\/v2\/categories?post=104005"},{"taxonomy":"post_tag","embeddable":true,"href":"https:\/\/tvc16.com\/portal\/wp-json\/wp\/v2\/tags?post=104005"}],"curies":[{"name":"wp","href":"https:\/\/api.w.org\/{rel}","templated":true}]}}