{"id":104008,"date":"2025-05-12T07:00:00","date_gmt":"2025-05-12T10:00:00","guid":{"rendered":"https:\/\/tvc16.com\/portal\/?p=104008"},"modified":"2025-05-10T17:21:24","modified_gmt":"2025-05-10T20:21:24","slug":"sancionada-a-lei-que-visa-a-prorrogacao-do-concurso-da-comdep-por-mais-dois-anos","status":"publish","type":"post","link":"https:\/\/tvc16.com\/portal\/2025\/05\/12\/sancionada-a-lei-que-visa-a-prorrogacao-do-concurso-da-comdep-por-mais-dois-anos\/","title":{"rendered":"Sancionada a lei que visa a prorroga\u00e7\u00e3o do concurso da COMDEP por mais dois anos"},"content":{"rendered":"\n<p>Foi sancionada a Lei n\u00ba 9.023\/2025, que prorroga por mais dois anos o prazo de validade e a homologa\u00e7\u00e3o do resultado final do concurso p\u00fablico da Companhia Municipal de Desenvolvimento de Petr\u00f3polis (COMDEP), realizado em 2023, conforme previsto no Edital n\u00ba 001\/2022.<\/p>\n\n\n\n<p>A medida, de autoria da vereadora Julia Casamasso, assegura a continuidade das convoca\u00e7\u00f5es dos aprovados no certame, fortalecendo a transpar\u00eancia e a justi\u00e7a no acesso ao servi\u00e7o p\u00fablico municipal. Com a nova legisla\u00e7\u00e3o, fica tamb\u00e9m vedada a realiza\u00e7\u00e3o de novos concursos para a COMDEP at\u00e9 que todos os candidatos aprovados sejam devidamente convocados.<\/p>\n\n\n\n<p>\u201cA prorroga\u00e7\u00e3o \u00e9 uma resposta direta ao compromisso com os candidatos que se dedicaram ao concurso e aguardam sua oportunidade. Nossa prioridade \u00e9 garantir que esses profissionais tenham sua vez, sem preju\u00edzo ou inseguran\u00e7a jur\u00eddica\u201d, destacou a vereadora Julia Casamasso.<\/p>\n\n\n\n<p>Foto Arquivo TVC<\/p>\n","protected":false},"excerpt":{"rendered":"<p>Foi sancionada a Lei n\u00ba 9.023\/2025, que prorroga por mais dois anos o prazo de<\/p>\n","protected":false},"author":2,"featured_media":92939,"comment_status":"open","ping_status":"open","sticky":false,"template":"","format":"standard","meta":{"footnotes":""},"categories":[12],"tags":[],"class_list":["post-104008","post","type-post","status-publish","format-standard","has-post-thumbnail","hentry","category-cidade"],"_links":{"self":[{"href":"https:\/\/tvc16.com\/portal\/wp-json\/wp\/v2\/posts\/104008","targetHints":{"allow":["GET"]}}],"collection":[{"href":"https:\/\/tvc16.com\/portal\/wp-json\/wp\/v2\/posts"}],"about":[{"href":"https:\/\/tvc16.com\/portal\/wp-json\/wp\/v2\/types\/post"}],"author":[{"embeddable":true,"href":"https:\/\/tvc16.com\/portal\/wp-json\/wp\/v2\/users\/2"}],"replies":[{"embeddable":true,"href":"https:\/\/tvc16.com\/portal\/wp-json\/wp\/v2\/comments?post=104008"}],"version-history":[{"count":3,"href":"https:\/\/tvc16.com\/portal\/wp-json\/wp\/v2\/posts\/104008\/revisions"}],"predecessor-version":[{"id":104012,"href":"https:\/\/tvc16.com\/portal\/wp-json\/wp\/v2\/posts\/104008\/revisions\/104012"}],"wp:featuredmedia":[{"embeddable":true,"href":"https:\/\/tvc16.com\/portal\/wp-json\/wp\/v2\/media\/92939"}],"wp:attachment":[{"href":"https:\/\/tvc16.com\/portal\/wp-json\/wp\/v2\/media?parent=104008"}],"wp:term":[{"taxonomy":"category","embeddable":true,"href":"https:\/\/tvc16.com\/portal\/wp-json\/wp\/v2\/categories?post=104008"},{"taxonomy":"post_tag","embeddable":true,"href":"https:\/\/tvc16.com\/portal\/wp-json\/wp\/v2\/tags?post=104008"}],"curies":[{"name":"wp","href":"https:\/\/api.w.org\/{rel}","templated":true}]}}