{"id":104013,"date":"2025-05-12T07:30:00","date_gmt":"2025-05-12T10:30:00","guid":{"rendered":"https:\/\/tvc16.com\/portal\/?p=104013"},"modified":"2025-05-10T17:27:30","modified_gmt":"2025-05-10T20:27:30","slug":"plenaria-de-boas-vindas-marca-inicio-da-conferencia-estadual-de-politicas-publicas-e-direitos-lgbtqia-em-petropolis","status":"publish","type":"post","link":"https:\/\/tvc16.com\/portal\/2025\/05\/12\/plenaria-de-boas-vindas-marca-inicio-da-conferencia-estadual-de-politicas-publicas-e-direitos-lgbtqia-em-petropolis\/","title":{"rendered":"Plen\u00e1ria de Boas-Vindas marca in\u00edcio da Confer\u00eancia Estadual de Pol\u00edticas P\u00fablicas e Direitos LGBTQIA+ em Petr\u00f3polis"},"content":{"rendered":"\n<p>A 4\u00aa Confer\u00eancia Estadual de Pol\u00edticas P\u00fablicas e Direitos das Pessoas LGBTQIA+ teve in\u00edcio com uma emocionante plen\u00e1ria de boas-vindas realizada na noite da \u00faltima sexta-feira (9). O evento foi presidido pela vereadora Professora Livia Miranda, primeira vereadora l\u00e9sbica de Petr\u00f3polis, reconhecida por sua atua\u00e7\u00e3o em defesa dos direitos humanos e da popula\u00e7\u00e3o LGBTQIA+.<\/p>\n\n\n\n<p>A abertura oficial contou com a presen\u00e7a de representantes do Grupo Arco-\u00edris, lideran\u00e7as sociais, movimentos organizados e autoridades p\u00fablicas. Em um espa\u00e7o de escuta, acolhimento e celebra\u00e7\u00e3o da diversidade, os participantes ressaltaram a import\u00e2ncia da confer\u00eancia como um instrumento de constru\u00e7\u00e3o coletiva de pol\u00edticas p\u00fablicas que garantam a cidadania plena e o combate \u00e0 discrimina\u00e7\u00e3o.<\/p>\n\n\n\n<p>Durante seu discurso, a vereadora destacou o papel fundamental da popula\u00e7\u00e3o LGBTQIA+ na formula\u00e7\u00e3o de pol\u00edticas que assegurem direitos, inclus\u00e3o e respeito. \u201cEu nunca imaginei que esse momento fosse possivel, assim como eu nunca pensei, certamente que muitos LGBTQIA+ Brasil a fora nunca pensaram que ocupar algum espa\u00e7o de protagonismo na sua cidade fosse possivel. \u00c9 poss\u00edvel e importante,&#8221; comenta.&nbsp;<br>A plen\u00e1ria tamb\u00e9m foi um momento de mem\u00f3ria, com homenagens a ativistas que contribu\u00edram para o avan\u00e7o dos direitos LGBTQIA+ no estado. O evento segue com uma programa\u00e7\u00e3o que inclui grupos de trabalho, debates tem\u00e1ticos e a formula\u00e7\u00e3o de propostas que ser\u00e3o levadas \u00e0 etapa nacional da confer\u00eancia.<\/p>\n\n\n\n<p>Foto Divulga\u00e7\u00e3o<\/p>\n\n\n\n<p><\/p>\n","protected":false},"excerpt":{"rendered":"<p>A 4\u00aa Confer\u00eancia Estadual de Pol\u00edticas P\u00fablicas e Direitos das Pessoas LGBTQIA+ teve in\u00edcio com<\/p>\n","protected":false},"author":2,"featured_media":104014,"comment_status":"open","ping_status":"open","sticky":false,"template":"","format":"standard","meta":{"footnotes":""},"categories":[12,1],"tags":[],"class_list":["post-104013","post","type-post","status-publish","format-standard","has-post-thumbnail","hentry","category-cidade","category-uncategorized"],"_links":{"self":[{"href":"https:\/\/tvc16.com\/portal\/wp-json\/wp\/v2\/posts\/104013","targetHints":{"allow":["GET"]}}],"collection":[{"href":"https:\/\/tvc16.com\/portal\/wp-json\/wp\/v2\/posts"}],"about":[{"href":"https:\/\/tvc16.com\/portal\/wp-json\/wp\/v2\/types\/post"}],"author":[{"embeddable":true,"href":"https:\/\/tvc16.com\/portal\/wp-json\/wp\/v2\/users\/2"}],"replies":[{"embeddable":true,"href":"https:\/\/tvc16.com\/portal\/wp-json\/wp\/v2\/comments?post=104013"}],"version-history":[{"count":1,"href":"https:\/\/tvc16.com\/portal\/wp-json\/wp\/v2\/posts\/104013\/revisions"}],"predecessor-version":[{"id":104015,"href":"https:\/\/tvc16.com\/portal\/wp-json\/wp\/v2\/posts\/104013\/revisions\/104015"}],"wp:featuredmedia":[{"embeddable":true,"href":"https:\/\/tvc16.com\/portal\/wp-json\/wp\/v2\/media\/104014"}],"wp:attachment":[{"href":"https:\/\/tvc16.com\/portal\/wp-json\/wp\/v2\/media?parent=104013"}],"wp:term":[{"taxonomy":"category","embeddable":true,"href":"https:\/\/tvc16.com\/portal\/wp-json\/wp\/v2\/categories?post=104013"},{"taxonomy":"post_tag","embeddable":true,"href":"https:\/\/tvc16.com\/portal\/wp-json\/wp\/v2\/tags?post=104013"}],"curies":[{"name":"wp","href":"https:\/\/api.w.org\/{rel}","templated":true}]}}