{"id":104016,"date":"2025-05-12T08:30:00","date_gmt":"2025-05-12T11:30:00","guid":{"rendered":"https:\/\/tvc16.com\/portal\/?p=104016"},"modified":"2025-05-10T17:34:06","modified_gmt":"2025-05-10T20:34:06","slug":"programacao-no-mast-lembra-os-100-anos-de-visita-de-eisntein-ao-brasil","status":"publish","type":"post","link":"https:\/\/tvc16.com\/portal\/2025\/05\/12\/programacao-no-mast-lembra-os-100-anos-de-visita-de-eisntein-ao-brasil\/","title":{"rendered":"Programa\u00e7\u00e3o no Mast lembra os 100 anos de visita de Eisntein ao Brasil"},"content":{"rendered":"\n<p>Museu foi um dos locais visitados pelo f\u00edsico em passagem pelo pa\u00eds<\/p>\n\n\n\n<p>O Museu de Astronomia e Ci\u00eancias Afins (Mast), do Rio de Janeiro, fez uma programa\u00e7\u00e3o neste s\u00e1bado (10) dedicada aos 100 anos da visita do f\u00edsico Albert Einstein \u00e0 institui\u00e7\u00e3o. Apesar de ter sido inaugurado h\u00e1 quatro d\u00e9cadas, o Mast divide espa\u00e7o com o Observat\u00f3rio Nacional, institui\u00e7\u00e3o cient\u00edfica com quase 200 anos, e que foi um dos locais que Einstein visitou durante sua \u00fanica incurs\u00e3o pelo Brasil.<img decoding=\"async\" src=\"https:\/\/agenciabrasil.ebc.com.br\/ebc.png?id=1642301&amp;o=node\"><img decoding=\"async\" src=\"https:\/\/agenciabrasil.ebc.com.br\/ebc.gif?id=1642301&amp;o=node\"><\/p>\n\n\n\n<p>A educadora museal Camila Oliveira ficou a cargo de guiar o p\u00fablico na visita que apresentou o acervo do museu, e tamb\u00e9m explicou\u00a0como a teoria da relatividade foi comprovada a partir de um experimento realizado durante um eclipse em 1919, na cidade de Sobral, no Cear\u00e1, com a participa\u00e7\u00e3o de pesquisadores do Observat\u00f3rio. A visita tamb\u00e9m destacou os lugares por onde Einstein passou em sua visita ao local h\u00e1 cem anos, e quais equipamentos ele conheceu.<\/p>\n\n\n\n<blockquote class=\"wp-block-quote is-layout-flow wp-block-quote-is-layout-flow\">\n<p>&#8220;Todo s\u00e1bado o Mast tem uma programa\u00e7\u00e3o diferente e no segundo s\u00e1bado do m\u00eas, a gente tem o evento Astro Rei, que fala sobre o sol. Ent\u00e3o, a gente trouxe os detalhes da visita de Einstein aqui ao nosso campus, para dentro dessa tem\u00e1tica do sol, falando do marco do eclipse solar, visualizado em Sobral em 1919, que comprovou a teoria da relatividade&#8221;, complementa Camila.<\/p>\n<\/blockquote>\n\n\n\n<figure class=\"wp-block-image\"><img decoding=\"async\" src=\"https:\/\/imagens.ebc.com.br\/ms89NUY1lmzDSPCI0_Xq5sdfQAQ=\/754x0\/smart\/https:\/\/agenciabrasil.ebc.com.br\/sites\/default\/files\/thumbnails\/image\/2025\/05\/10\/toms9536.jpg?itok=Kc_h1TF7\" alt=\"Rio de Janeiro (RJ), 10\/05\/2025 \u2013 O Museu de Astronomia e Ci\u00eancias Afins (MAST), em S\u00e3o Crist\u00f3v\u00e3o, realiza atividade de observa\u00e7\u00e3o solar para o p\u00fablico conhecer as motiva\u00e7\u00f5es e os desdobramentos da visita de Albert Einstein ao Brasil em maio de 1925. Foto: Tomaz Silva\/Ag\u00eancia Brasil\" title=\"Tomaz Silva\/Ag\u00eancia Brasil\"\/><\/figure>\n\n\n\n<p>P\u00fablico conhece as motiva\u00e7\u00f5es e os desdobramentos da visita de Albert Einstein ao Brasil em maio de 1925. Foto: Tomaz Silva\/Ag\u00eancia Brasil<\/p>\n\n\n\n<p>Os visitantes puderam contemplar a grande estrela do sistema solar, com o aux\u00edlio de alguns equipamentos, e participar de um experimento com luzes, que explica o conceito da teoria da relatividade comprovado pelo experimento em Sobral.<\/p>\n\n\n\n<blockquote class=\"wp-block-quote is-layout-flow wp-block-quote-is-layout-flow\">\n<p>&#8220;A gente tenta aproximar esse olhar do p\u00fablico com a astronomia atual e tamb\u00e9m com as pesquisas que foram desenvolvidas anteriormente pelo nosso Observat\u00f3rio Nacional. Sempre trazendo essa linguagem de divulga\u00e7\u00e3o cient\u00edfica, de populariza\u00e7\u00e3o da ci\u00eancia, para que o p\u00fablico veja que n\u00e3o \u00e9 nenhum bicho de sete cabe\u00e7as&#8221;, destaca a educadora museal.<\/p>\n<\/blockquote>\n\n\n\n<figure class=\"wp-block-image\"><img decoding=\"async\" src=\"https:\/\/imagens.ebc.com.br\/EDLl0n-aFzbxVN3NP0dyFPHTWL0=\/754x0\/smart\/https:\/\/agenciabrasil.ebc.com.br\/sites\/default\/files\/thumbnails\/image\/2025\/05\/10\/toms9528.jpg?itok=Eer_n5qF\" alt=\"Rio de Janeiro (RJ), 10\/05\/2025 \u2013 O f\u00edsico do Museu de Astronomia e Ci\u00eancias Afins (MAST), Bernado Nassaud explica para adolescentes elementos da Teoria da Relatividade de Albert Einstein, na zona norte da capital fluminense. Foto: Tomaz Silva\/Ag\u00eancia Brasil\" title=\"Tomaz Silva\/Ag\u00eancia Brasil\"\/><\/figure>\n\n\n\n<p>O f\u00edsico do Museu de Astronomia e Ci\u00eancias Afins (MAST), Bernado Nassaud explica para adolescentes elementos da Teoria da Relatividade de Albert Einstein, na zona norte da capital fluminense. Foto: Tomaz Silva\/Ag\u00eancia Brasil<\/p>\n\n\n\n<p>Um dos visitantes foi o banc\u00e1rio Bruno Oliveira e Silva, que ouviu atentamente todas as explica\u00e7\u00f5es, junto com as duas filhas adolescentes.<\/p>\n\n\n\n<blockquote class=\"wp-block-quote is-layout-flow wp-block-quote-is-layout-flow\">\n<p>&#8220;Eu sempre tive interesse pela ci\u00eancia de um modo geral e eu quis incutir nelas esse gosto tamb\u00e9m pelas ci\u00eancias e pelo conhecimento. E eu acho que essa forma did\u00e1tica e mais visual \u00e9 importante para que elas consigam dominar melhor os assuntos que \u00e0s vezes parecem muito abstratos. A oportunidade de visualizar os fen\u00f4menos eu acho que \u00e9 uma forma que desperta o interesse&#8221;, declarou Bruno.<\/p>\n\n\n\n<p>Por T\u00e2mara Freire &#8211; Rep\u00f3rter da Ag\u00eancia Brasil<\/p>\n\n\n\n<p>Foto Tomaz Silva\/Ag\u00eancia Brasil<\/p>\n<\/blockquote>\n","protected":false},"excerpt":{"rendered":"<p>Museu foi um dos locais visitados pelo f\u00edsico em passagem pelo pa\u00eds O Museu de<\/p>\n","protected":false},"author":2,"featured_media":104017,"comment_status":"open","ping_status":"open","sticky":false,"template":"","format":"standard","meta":{"footnotes":""},"categories":[17],"tags":[],"class_list":["post-104016","post","type-post","status-publish","format-standard","has-post-thumbnail","hentry","category-outras-noticias"],"_links":{"self":[{"href":"https:\/\/tvc16.com\/portal\/wp-json\/wp\/v2\/posts\/104016","targetHints":{"allow":["GET"]}}],"collection":[{"href":"https:\/\/tvc16.com\/portal\/wp-json\/wp\/v2\/posts"}],"about":[{"href":"https:\/\/tvc16.com\/portal\/wp-json\/wp\/v2\/types\/post"}],"author":[{"embeddable":true,"href":"https:\/\/tvc16.com\/portal\/wp-json\/wp\/v2\/users\/2"}],"replies":[{"embeddable":true,"href":"https:\/\/tvc16.com\/portal\/wp-json\/wp\/v2\/comments?post=104016"}],"version-history":[{"count":1,"href":"https:\/\/tvc16.com\/portal\/wp-json\/wp\/v2\/posts\/104016\/revisions"}],"predecessor-version":[{"id":104018,"href":"https:\/\/tvc16.com\/portal\/wp-json\/wp\/v2\/posts\/104016\/revisions\/104018"}],"wp:featuredmedia":[{"embeddable":true,"href":"https:\/\/tvc16.com\/portal\/wp-json\/wp\/v2\/media\/104017"}],"wp:attachment":[{"href":"https:\/\/tvc16.com\/portal\/wp-json\/wp\/v2\/media?parent=104016"}],"wp:term":[{"taxonomy":"category","embeddable":true,"href":"https:\/\/tvc16.com\/portal\/wp-json\/wp\/v2\/categories?post=104016"},{"taxonomy":"post_tag","embeddable":true,"href":"https:\/\/tvc16.com\/portal\/wp-json\/wp\/v2\/tags?post=104016"}],"curies":[{"name":"wp","href":"https:\/\/api.w.org\/{rel}","templated":true}]}}