{"id":104020,"date":"2025-05-11T06:30:00","date_gmt":"2025-05-11T09:30:00","guid":{"rendered":"https:\/\/tvc16.com\/portal\/?p=104020"},"modified":"2025-05-10T22:57:05","modified_gmt":"2025-05-11T01:57:05","slug":"dia-das-maes-deve-impulsionar-em-ate-20-as-vendas-nos-restaurantes-de-petropolis","status":"publish","type":"post","link":"https:\/\/tvc16.com\/portal\/2025\/05\/11\/dia-das-maes-deve-impulsionar-em-ate-20-as-vendas-nos-restaurantes-de-petropolis\/","title":{"rendered":"Dia das M\u00e3es deve impulsionar em at\u00e9 20% as vendas nos restaurantes de Petr\u00f3polis"},"content":{"rendered":"\n<p>\u00c0s v\u00e9speras de mais um Dia das M\u00e3es, o setor gastron\u00f4mico tem boas expectativas para a data. Segundo uma pesquisa divulgada pela Abrasel (Associa\u00e7\u00e3o Brasileira de Bares e Restaurantes), 78% dos estabelecimentos esperam faturar mais do que no ano passado, em uma data que tradicionalmente impulsiona o movimento em bares e restaurantes de todo o pa\u00eds.<\/p>\n\n\n\n<p>Em Petr\u00f3polis, restaurantes do Centro Hist\u00f3rico e dos distritos j\u00e1 registram aumento na procura por reservas, com expectativa de crescimento de at\u00e9 20% nas vendas, o que vai ao encontro do levantamento da Abrasel.<\/p>\n\n\n\n<p>\u201cEsse \u00e9 o nosso primeiro ano celebrando a data, que \u00e9 considerada a segunda melhor do ano para o com\u00e9rcio. Acreditamos que, com esse movimento, as vendas possam aumentar em at\u00e9 20%, se comparadas com per\u00edodos de movimento normal. Essa \u00e9 uma data em que a aten\u00e7\u00e3o est\u00e1 voltada para a fam\u00edlia, por isso, oferecer op\u00e7\u00f5es que contemplem esse perfil de p\u00fablico torna a experi\u00eancia \u00fanica e especial. Para isso, dispomos de op\u00e7\u00f5es de almo\u00e7o, que v\u00e3o al\u00e9m dos caf\u00e9s e chocolates, que costumam ser excelentes presentes\u201d, explica Ricardo Maciel, s\u00f3cio-propriet\u00e1rio da Caracol Chocolates em Petr\u00f3polis.<\/p>\n\n\n\n<p>A movimenta\u00e7\u00e3o do setor gastron\u00f4mico acompanha a tend\u00eancia positiva do com\u00e9rcio em geral na cidade. De acordo com o Sicom\u00e9rcio Petr\u00f3polis, o Dia das M\u00e3es \u00e9 uma das datas mais importantes para o varejo no primeiro semestre. Segundo pesquisa do Instituto Fecom\u00e9rcio de Pesquisas e An\u00e1lises (IFec RJ), o gasto m\u00e9dio com a compra de presentes deve ser de R$ 146, com uma movimenta\u00e7\u00e3o financeira estimada em R$ 352 milh\u00f5es no estado. Ainda segundo o levantamento, 66,1% dos entrevistados pretendem presentear na data.<\/p>\n","protected":false},"excerpt":{"rendered":"<p>\u00c0s v\u00e9speras de mais um Dia das M\u00e3es, o setor gastron\u00f4mico tem boas expectativas para<\/p>\n","protected":false},"author":2,"featured_media":104021,"comment_status":"open","ping_status":"open","sticky":false,"template":"","format":"standard","meta":{"footnotes":""},"categories":[12],"tags":[],"class_list":["post-104020","post","type-post","status-publish","format-standard","has-post-thumbnail","hentry","category-cidade"],"_links":{"self":[{"href":"https:\/\/tvc16.com\/portal\/wp-json\/wp\/v2\/posts\/104020","targetHints":{"allow":["GET"]}}],"collection":[{"href":"https:\/\/tvc16.com\/portal\/wp-json\/wp\/v2\/posts"}],"about":[{"href":"https:\/\/tvc16.com\/portal\/wp-json\/wp\/v2\/types\/post"}],"author":[{"embeddable":true,"href":"https:\/\/tvc16.com\/portal\/wp-json\/wp\/v2\/users\/2"}],"replies":[{"embeddable":true,"href":"https:\/\/tvc16.com\/portal\/wp-json\/wp\/v2\/comments?post=104020"}],"version-history":[{"count":1,"href":"https:\/\/tvc16.com\/portal\/wp-json\/wp\/v2\/posts\/104020\/revisions"}],"predecessor-version":[{"id":104022,"href":"https:\/\/tvc16.com\/portal\/wp-json\/wp\/v2\/posts\/104020\/revisions\/104022"}],"wp:featuredmedia":[{"embeddable":true,"href":"https:\/\/tvc16.com\/portal\/wp-json\/wp\/v2\/media\/104021"}],"wp:attachment":[{"href":"https:\/\/tvc16.com\/portal\/wp-json\/wp\/v2\/media?parent=104020"}],"wp:term":[{"taxonomy":"category","embeddable":true,"href":"https:\/\/tvc16.com\/portal\/wp-json\/wp\/v2\/categories?post=104020"},{"taxonomy":"post_tag","embeddable":true,"href":"https:\/\/tvc16.com\/portal\/wp-json\/wp\/v2\/tags?post=104020"}],"curies":[{"name":"wp","href":"https:\/\/api.w.org\/{rel}","templated":true}]}}