{"id":104023,"date":"2025-05-11T15:29:06","date_gmt":"2025-05-11T18:29:06","guid":{"rendered":"https:\/\/tvc16.com\/portal\/?p=104023"},"modified":"2025-05-11T15:29:06","modified_gmt":"2025-05-11T18:29:06","slug":"tres-homens-sao-presos-por-trafico-de-drogas-em-petropolis","status":"publish","type":"post","link":"https:\/\/tvc16.com\/portal\/2025\/05\/11\/tres-homens-sao-presos-por-trafico-de-drogas-em-petropolis\/","title":{"rendered":"Tr\u00eas homens s\u00e3o presos por tr\u00e1fico de drogas em Petr\u00f3polis\u00a0"},"content":{"rendered":"\n<p>Os agentes do 26\u00ba Batalh\u00e3o da Pol\u00edcia Militar prenderam tr\u00eas homens por tr\u00e1fico de drogas, na noite deste s\u00e1bado (10), na localidade da Boca do Mato, no Quitandinha.&nbsp;<\/p>\n\n\n\n<p>Com eles foram apreendidos 71 c\u00e1psulas de coca\u00edna, 08 tabletes de maconha, R$ 119,00 em esp\u00e9cie, al\u00e9m de um telefone celular. De acordo com a Pol\u00edcia Militar os homens inicialmente resistiram a abordagem, mas foram dominados e presos.&nbsp;<\/p>\n\n\n\n<p>Eles foram levados para a 105\u00aa Delegacia de Pol\u00edcia, no Retiro, onde foram autuados nos crimes de tr\u00e1fico e associa\u00e7\u00e3o ao tr\u00e1fico de drogas, permanecendo presos \u00e0 disposi\u00e7\u00e3o da justi\u00e7a.<\/p>\n","protected":false},"excerpt":{"rendered":"<p>Os agentes do 26\u00ba Batalh\u00e3o da Pol\u00edcia Militar prenderam tr\u00eas homens por tr\u00e1fico de drogas,<\/p>\n","protected":false},"author":2,"featured_media":104024,"comment_status":"open","ping_status":"open","sticky":false,"template":"","format":"standard","meta":{"footnotes":""},"categories":[12],"tags":[],"class_list":["post-104023","post","type-post","status-publish","format-standard","has-post-thumbnail","hentry","category-cidade"],"_links":{"self":[{"href":"https:\/\/tvc16.com\/portal\/wp-json\/wp\/v2\/posts\/104023","targetHints":{"allow":["GET"]}}],"collection":[{"href":"https:\/\/tvc16.com\/portal\/wp-json\/wp\/v2\/posts"}],"about":[{"href":"https:\/\/tvc16.com\/portal\/wp-json\/wp\/v2\/types\/post"}],"author":[{"embeddable":true,"href":"https:\/\/tvc16.com\/portal\/wp-json\/wp\/v2\/users\/2"}],"replies":[{"embeddable":true,"href":"https:\/\/tvc16.com\/portal\/wp-json\/wp\/v2\/comments?post=104023"}],"version-history":[{"count":1,"href":"https:\/\/tvc16.com\/portal\/wp-json\/wp\/v2\/posts\/104023\/revisions"}],"predecessor-version":[{"id":104025,"href":"https:\/\/tvc16.com\/portal\/wp-json\/wp\/v2\/posts\/104023\/revisions\/104025"}],"wp:featuredmedia":[{"embeddable":true,"href":"https:\/\/tvc16.com\/portal\/wp-json\/wp\/v2\/media\/104024"}],"wp:attachment":[{"href":"https:\/\/tvc16.com\/portal\/wp-json\/wp\/v2\/media?parent=104023"}],"wp:term":[{"taxonomy":"category","embeddable":true,"href":"https:\/\/tvc16.com\/portal\/wp-json\/wp\/v2\/categories?post=104023"},{"taxonomy":"post_tag","embeddable":true,"href":"https:\/\/tvc16.com\/portal\/wp-json\/wp\/v2\/tags?post=104023"}],"curies":[{"name":"wp","href":"https:\/\/api.w.org\/{rel}","templated":true}]}}