{"id":104026,"date":"2025-05-12T08:29:08","date_gmt":"2025-05-12T11:29:08","guid":{"rendered":"https:\/\/tvc16.com\/portal\/?p=104026"},"modified":"2025-05-12T08:29:08","modified_gmt":"2025-05-12T11:29:08","slug":"petropolis-do-bem-realizou-mais-de-530-atendimentos-na-sua-primeira-edicao","status":"publish","type":"post","link":"https:\/\/tvc16.com\/portal\/2025\/05\/12\/petropolis-do-bem-realizou-mais-de-530-atendimentos-na-sua-primeira-edicao\/","title":{"rendered":"Petr\u00f3polis do Bem realizou mais de 530 atendimentos na sua primeira edi\u00e7\u00e3o"},"content":{"rendered":"\n<p>A Pra\u00e7a de Cascatinha foi palco da primeira edi\u00e7\u00e3o do programa \u201cPetr\u00f3polis do Bem\u201d, lan\u00e7ado pela Prefeitura de Petr\u00f3polis para aproximar o cidad\u00e3o dos servi\u00e7os do poder p\u00fablico. Emiss\u00e3o de documentos, orienta\u00e7\u00f5es jur\u00eddicas, orienta\u00e7\u00f5es sobre o combate \u00e0 viol\u00eancia contra a mulher, ado\u00e7\u00e3o e posse respons\u00e1vel de animais, orienta\u00e7\u00f5es sobre a preserva\u00e7\u00e3o do meio ambiente, solicita\u00e7\u00e3o e manuten\u00e7\u00e3o de ilumina\u00e7\u00e3o p\u00fablica, balc\u00e3o de empregos, atendimentos de sa\u00fade e a presta\u00e7\u00e3o do servi\u00e7o do Cad\u00danico foram algumas das atividades oferecidas \u00e0 popula\u00e7\u00e3o.<\/p>\n\n\n\n<p>\u201cMais de 530 atendimentos foram feitos nos nossos servi\u00e7os e de parceiros, isso mostra a import\u00e2ncia do programa e da Prefeitura estar pr\u00f3xima da popula\u00e7\u00e3o. Quero agradecer a todos que participaram como parceiros, volunt\u00e1rios e que fizeram desta primeira edi\u00e7\u00e3o uma grande a\u00e7\u00e3o\u201d, afirmou o prefeito, Hingo Hammes.<\/p>\n\n\n\n<p>A a\u00e7\u00e3o do Petr\u00f3polis do Bem aconteceu na sexta-feira e no s\u00e1bado (09 e 10\/05). \u201cVim para aproveitar as atividades de recrea\u00e7\u00e3o infantil, mas tamb\u00e9m buscar uma orienta\u00e7\u00e3o de outros servi\u00e7os que est\u00e3o sendo oferecidos aqui de forma gratuita. Eu vi na rede social da Prefeitura e decidi vir para c\u00e1 para aproveitar\u201d, disse Larissa Gomes.<\/p>\n\n\n\n<p>O morador do Alcobacinha Rog\u00e9rio Luiz tamb\u00e9m buscou o Petr\u00f3polis do Bem para ter acesso \u00e0s orienta\u00e7\u00f5es jur\u00eddicas que estavam sendo oferecidas por advogados volunt\u00e1rios na Pra\u00e7a de Cascatinha. \u201cEu j\u00e1 tenho agora uma ideia de como conduzir o meu processo. \u00c9 muito positivo ter esse tipo de a\u00e7\u00e3o de forma gratuita e pr\u00f3xima da popula\u00e7\u00e3o. Nunca vi uma a\u00e7\u00e3o como essa aqui em Cascatinha antes\u201d, destacou.<\/p>\n\n\n\n<p>Al\u00e9m dos servi\u00e7os, o Petr\u00f3polis do Bem tem a miss\u00e3o de refor\u00e7ar a cidadania. \u201cN\u00f3s queremos levar os servi\u00e7os onde a popula\u00e7\u00e3o est\u00e1. Come\u00e7ou aqui em Cascatinha, mas o objetivo \u00e9 percorrer toda a cidade. Temos quase todas as nossas secretarias de governo apresentando algum tipo de servi\u00e7o \u00e0 popula\u00e7\u00e3o aqui, al\u00e9m do apoio do governo do Estado, que trouxe o Detran, e a Funda\u00e7\u00e3o Le\u00e3o XIII, que ofereceu segunda via de certid\u00e3o de nascimento, casamento e \u00f3bito, al\u00e9m carteira de identidade, habilita\u00e7\u00e3o para casamento e outros servi\u00e7os. Al\u00e9m do Inea que ofereceu educa\u00e7\u00e3o ambiental sobre a fauna e flora e a Faetec divulgar\u00e1 cursos para a popula\u00e7\u00e3o. Claro que ainda tivemos a participa\u00e7\u00e3o de parceiros privados e volunt\u00e1rios\u201d, pontuou o prefeito Hingo Hammes.<\/p>\n\n\n\n<p>O Petr\u00f3polis do Bem foi institu\u00eddo por lei, aprovada na C\u00e2mara Municipal, como programa de mobiliza\u00e7\u00e3o social permanente da gest\u00e3o, com a potencialidade de otimizar recursos p\u00fablicos e privados atrav\u00e9s da mobiliza\u00e7\u00e3o de volunt\u00e1rios, parceiros e doadores em a\u00e7\u00f5es que visam \u00e0 integra\u00e7\u00e3o social mediante a realiza\u00e7\u00e3o de imers\u00e3o da popula\u00e7\u00e3o em atividades culturais, esportivas, de sa\u00fade e cidadania, sob a coordena\u00e7\u00e3o da Secretaria de Governo, do secret\u00e1rio Fred Proc\u00f3pio. Durante o evento ainda aconteceu o lan\u00e7amento da Campanha do Agasalho 2025, com o tema \u201cSua doa\u00e7\u00e3o aquece o inverno de quem mais precisa\u201d.<\/p>\n\n\n\n<p>Para o secret\u00e1rio de Governo, Fred Proc\u00f3pio, a primeira a\u00e7\u00e3o foi um sucesso. \u201c\u00c9 incr\u00edvel ver como a mobiliza\u00e7\u00e3o social impactou a comunidade. Primeiro por levarmos os servi\u00e7os p\u00fablicos facilitando o acesso da popula\u00e7\u00e3o \u00e0 resolu\u00e7\u00e3o de problemas. Depois por toda a uni\u00e3o de parceiros que ajudaram a construir o projeto, com a\u00e7\u00f5es sociais, cultura e tanta alegria. Isso sem contar a movimenta\u00e7\u00e3o que gerou no com\u00e9rcio local. Estamos muito animados para levar o Petr\u00f3polis do Bem para todas as comunidades da cidade\u201d pontuou.<\/p>\n","protected":false},"excerpt":{"rendered":"<p>A Pra\u00e7a de Cascatinha foi palco da primeira edi\u00e7\u00e3o do programa \u201cPetr\u00f3polis do Bem\u201d, lan\u00e7ado<\/p>\n","protected":false},"author":2,"featured_media":104027,"comment_status":"open","ping_status":"open","sticky":false,"template":"","format":"standard","meta":{"footnotes":""},"categories":[12],"tags":[],"class_list":["post-104026","post","type-post","status-publish","format-standard","has-post-thumbnail","hentry","category-cidade"],"_links":{"self":[{"href":"https:\/\/tvc16.com\/portal\/wp-json\/wp\/v2\/posts\/104026","targetHints":{"allow":["GET"]}}],"collection":[{"href":"https:\/\/tvc16.com\/portal\/wp-json\/wp\/v2\/posts"}],"about":[{"href":"https:\/\/tvc16.com\/portal\/wp-json\/wp\/v2\/types\/post"}],"author":[{"embeddable":true,"href":"https:\/\/tvc16.com\/portal\/wp-json\/wp\/v2\/users\/2"}],"replies":[{"embeddable":true,"href":"https:\/\/tvc16.com\/portal\/wp-json\/wp\/v2\/comments?post=104026"}],"version-history":[{"count":1,"href":"https:\/\/tvc16.com\/portal\/wp-json\/wp\/v2\/posts\/104026\/revisions"}],"predecessor-version":[{"id":104028,"href":"https:\/\/tvc16.com\/portal\/wp-json\/wp\/v2\/posts\/104026\/revisions\/104028"}],"wp:featuredmedia":[{"embeddable":true,"href":"https:\/\/tvc16.com\/portal\/wp-json\/wp\/v2\/media\/104027"}],"wp:attachment":[{"href":"https:\/\/tvc16.com\/portal\/wp-json\/wp\/v2\/media?parent=104026"}],"wp:term":[{"taxonomy":"category","embeddable":true,"href":"https:\/\/tvc16.com\/portal\/wp-json\/wp\/v2\/categories?post=104026"},{"taxonomy":"post_tag","embeddable":true,"href":"https:\/\/tvc16.com\/portal\/wp-json\/wp\/v2\/tags?post=104026"}],"curies":[{"name":"wp","href":"https:\/\/api.w.org\/{rel}","templated":true}]}}