{"id":10403,"date":"2021-02-14T09:54:13","date_gmt":"2021-02-14T12:54:13","guid":{"rendered":"https:\/\/tvc16.com\/portal\/?p=10403"},"modified":"2021-02-14T09:54:16","modified_gmt":"2021-02-14T12:54:16","slug":"a-prefeitura-de-nova-iguacu-iniciou-neste-sabado-13-o-plano-verao-tingua-que-sera-realizada-durante-os-quatro-dias-de-carnaval-com-acoes-voltadas-para-prevencao-e-seguranca","status":"publish","type":"post","link":"https:\/\/tvc16.com\/portal\/2021\/02\/14\/a-prefeitura-de-nova-iguacu-iniciou-neste-sabado-13-o-plano-verao-tingua-que-sera-realizada-durante-os-quatro-dias-de-carnaval-com-acoes-voltadas-para-prevencao-e-seguranca\/","title":{"rendered":"A Prefeitura de Nova Igua\u00e7u iniciou, neste s\u00e1bado (13), o Plano Ver\u00e3o Tingu\u00e1, que ser\u00e1 realizada durante os quatro dias de carnaval com a\u00e7\u00f5es voltadas para preven\u00e7\u00e3o e seguran\u00e7a"},"content":{"rendered":"\n<p>Agentes municipais est\u00e3o atuando nas rodovias, cachoeiras, s\u00edtios e na parte comercial da regi\u00e3o, refor\u00e7ando os protocolos sanit\u00e1rios de preven\u00e7\u00e3o \u00e0 Covid-19. As equipes da Ordem P\u00fablica,\u00a0em parceria com policiais militares do Proeis (Programa Estadual de Integra\u00e7\u00e3o na Seguran\u00e7a), continuam fiscalizando o bairro para desmobilizar eventos festivos. A opera\u00e7\u00e3o vai at\u00e9 a pr\u00f3xima ter\u00e7a-feira (16).<\/p>\n\n\n\n<p>Dois pontos de apoio foram montados nos principais acessos ao bairro. O primeiro deles fica na Estrada Federal de Tingu\u00e1 \u2013 RJ 111, em Vila de Cava, onde as equipes fazem abordagem aos motoristas, ordenamento, controle do tr\u00e2nsito e pesquisas tur\u00edsticas. O segundo \u00e9 na Pra\u00e7a de Tingu\u00e1, onde funciona a maior parte do com\u00e9rcio. Por l\u00e1, os agentes fazem o ordenamento p\u00fablico para coibir o estacionamento irregular, al\u00e9m de a\u00e7\u00f5es preventivas de acidentes e fiscaliza\u00e7\u00f5es em s\u00edtios e cachoeiras com o intuito de evitar aglomera\u00e7\u00f5es.<\/p>\n\n\n\n<p>Neste primeiro dia de opera\u00e7\u00e3o, 30 agentes estiveram envolvidos nas a\u00e7\u00f5es. Pelo menos 628 ve\u00edculos acessaram Tingu\u00e1. N\u00e3o houve registro de acidente na estrada nem ocorr\u00eancia policial. A a\u00e7\u00e3o \u00e9 realizada e coordenada pela Prefeitura com a participa\u00e7\u00e3o das secretarias municipais de Meio Ambiente, Agricultura, Desenvolvimento Econ\u00f4mico e Turismo, com apoio das secretarias de Transporte, Tr\u00e2nsito e Mobilidade Urbana, Defesa Civil, Secretaria de Sa\u00fade, que vai ceder servi\u00e7os da SAMU, Seguran\u00e7a P\u00fablica, Governo (Controle Urbano) e parceria da Pol\u00edcia Militar com o Proeis (Programa Estadual de Integra\u00e7\u00e3o na Seguran\u00e7a).<\/p>\n\n\n\n<p>\u201cCriamos o plano para minimizar os impactos provocados pela alta procura dos visitantes, j\u00e1 que Tingu\u00e1 possui um enorme potencial tur\u00edstico e \u00e9 frequentado, inclusive, por pessoas da capital. Nosso trabalho \u00e9 garantir a fiscaliza\u00e7\u00e3o e a seguran\u00e7a sem desrespeitar este momento de pandemia\u201d, explica o secret\u00e1rio da Semadetur, Fernando Cid.<\/p>\n","protected":false},"excerpt":{"rendered":"<p>Agentes municipais est\u00e3o atuando nas rodovias, cachoeiras, s\u00edtios e na parte comercial da regi\u00e3o, refor\u00e7ando<\/p>\n","protected":false},"author":2,"featured_media":10405,"comment_status":"open","ping_status":"open","sticky":false,"template":"","format":"standard","meta":{"footnotes":""},"categories":[17],"tags":[],"class_list":["post-10403","post","type-post","status-publish","format-standard","has-post-thumbnail","hentry","category-outras-noticias"],"_links":{"self":[{"href":"https:\/\/tvc16.com\/portal\/wp-json\/wp\/v2\/posts\/10403","targetHints":{"allow":["GET"]}}],"collection":[{"href":"https:\/\/tvc16.com\/portal\/wp-json\/wp\/v2\/posts"}],"about":[{"href":"https:\/\/tvc16.com\/portal\/wp-json\/wp\/v2\/types\/post"}],"author":[{"embeddable":true,"href":"https:\/\/tvc16.com\/portal\/wp-json\/wp\/v2\/users\/2"}],"replies":[{"embeddable":true,"href":"https:\/\/tvc16.com\/portal\/wp-json\/wp\/v2\/comments?post=10403"}],"version-history":[{"count":1,"href":"https:\/\/tvc16.com\/portal\/wp-json\/wp\/v2\/posts\/10403\/revisions"}],"predecessor-version":[{"id":10406,"href":"https:\/\/tvc16.com\/portal\/wp-json\/wp\/v2\/posts\/10403\/revisions\/10406"}],"wp:featuredmedia":[{"embeddable":true,"href":"https:\/\/tvc16.com\/portal\/wp-json\/wp\/v2\/media\/10405"}],"wp:attachment":[{"href":"https:\/\/tvc16.com\/portal\/wp-json\/wp\/v2\/media?parent=10403"}],"wp:term":[{"taxonomy":"category","embeddable":true,"href":"https:\/\/tvc16.com\/portal\/wp-json\/wp\/v2\/categories?post=10403"},{"taxonomy":"post_tag","embeddable":true,"href":"https:\/\/tvc16.com\/portal\/wp-json\/wp\/v2\/tags?post=10403"}],"curies":[{"name":"wp","href":"https:\/\/api.w.org\/{rel}","templated":true}]}}