{"id":104034,"date":"2025-05-12T09:07:08","date_gmt":"2025-05-12T12:07:08","guid":{"rendered":"https:\/\/tvc16.com\/portal\/?p=104034"},"modified":"2025-05-12T09:07:09","modified_gmt":"2025-05-12T12:07:09","slug":"em-ny-claudio-castro-propoe-acordo-de-cooperacao-entre-governo-do-rio-e-agencia-antidrogas-dos-estados-unidos","status":"publish","type":"post","link":"https:\/\/tvc16.com\/portal\/2025\/05\/12\/em-ny-claudio-castro-propoe-acordo-de-cooperacao-entre-governo-do-rio-e-agencia-antidrogas-dos-estados-unidos\/","title":{"rendered":"Em NY, Cl\u00e1udio Castro prop\u00f5e acordo de coopera\u00e7\u00e3o entre Governo do Rio e Ag\u00eancia Antidrogas dos Estados Unidos"},"content":{"rendered":"\n<p><em>Objetivo \u00e9 fortalecer o combate ao narcotr\u00e1fico no Estado do Rio de Janeiro<\/em><\/p>\n\n\n\n<p>Em miss\u00e3o a Nova Iorque, o governador Cl\u00e1udio Castro prop\u00f4s, nesta sexta-feira (09\/05), um acordo de coopera\u00e7\u00e3o com a Ag\u00eancia Antidrogas (DEA), dos Estados Unidos, para fortalecer as pol\u00edticas de combate ao tr\u00e1fico de drogas no Estado do Rio de Janeiro. A ideia \u00e9 realizar um cruzamento de dados para prevenir o crescimento das organiza\u00e7\u00f5es criminosas.<br>&#8211; &nbsp;Vamos unir nossos agentes aos do DEA, que tem escrit\u00f3rio no Rio. Firmar um memorando de inten\u00e7\u00f5es com o Departamento Antidrogas dos Estados Unidos ser\u00e1 extremamente enriquecedor, porque estamos falando de uma divis\u00e3o com expertise reconhecida em todo o mundo por opera\u00e7\u00f5es como o desmantelamento do Cartel de Medell\u00edn e a pris\u00e3o e extradi\u00e7\u00e3o de Joaqu\u00edn &#8220;El Chapo&#8221; Guzm\u00e1n, por exemplo. Essa parceria permitir\u00e1 aprimorarmos os nossos conhecimentos e estrat\u00e9gias para continuarmos aperfei\u00e7oando as a\u00e7\u00f5es do Estado contra o tr\u00e1fico de drogas em todo o territ\u00f3rio fluminense &#8211; afirmou o governador.<\/p>\n\n\n\n<p>Al\u00e9m de investigar o tr\u00e1fico de drogas, as atividades da DEA tamb\u00e9m incluem pris\u00e3o de traficantes e organiza\u00e7\u00f5es criminosas envolvidas com drogas ilegais; erradicar planta\u00e7\u00f5es de drogas; colaborar com ag\u00eancias internacionais em opera\u00e7\u00f5es de combate ao narcotr\u00e1fico; e controlar subst\u00e2ncias qu\u00edmicas usadas na fabrica\u00e7\u00e3o de drogas.<\/p>\n\n\n\n<p>O combate ao narcotr\u00e1fico tem sido uma das prioridades do Governo do Rio. As opera\u00e7\u00f5es realizadas pelas For\u00e7as de Seguran\u00e7a resultaram, em 2024, de acordo com o Instituto de Seguran\u00e7a P\u00fablica (ISP), em 23.930 registros de apreens\u00e3o de drogas. No primeiro trimestre deste ano, j\u00e1 foram registradas 6.090 apreens\u00f5es de entorpecentes, um aumento de 5% em rela\u00e7\u00e3o ao mesmo per\u00edodo de 2024.<\/p>\n\n\n\n<p>&#8211; &nbsp;Os resultados t\u00eam refletido o esfor\u00e7o cont\u00ednuo das nossas for\u00e7as de seguran\u00e7a. Aumentar a presen\u00e7a policial e a efetividade das a\u00e7\u00f5es \u00e9 essencial para enfraquecer o tr\u00e1fico e proteger a popula\u00e7\u00e3o &#8211; afirmou Castro.<\/p>\n","protected":false},"excerpt":{"rendered":"<p>Objetivo \u00e9 fortalecer o combate ao narcotr\u00e1fico no Estado do Rio de Janeiro Em miss\u00e3o<\/p>\n","protected":false},"author":2,"featured_media":104035,"comment_status":"open","ping_status":"open","sticky":false,"template":"","format":"standard","meta":{"footnotes":""},"categories":[17],"tags":[],"class_list":["post-104034","post","type-post","status-publish","format-standard","has-post-thumbnail","hentry","category-outras-noticias"],"_links":{"self":[{"href":"https:\/\/tvc16.com\/portal\/wp-json\/wp\/v2\/posts\/104034","targetHints":{"allow":["GET"]}}],"collection":[{"href":"https:\/\/tvc16.com\/portal\/wp-json\/wp\/v2\/posts"}],"about":[{"href":"https:\/\/tvc16.com\/portal\/wp-json\/wp\/v2\/types\/post"}],"author":[{"embeddable":true,"href":"https:\/\/tvc16.com\/portal\/wp-json\/wp\/v2\/users\/2"}],"replies":[{"embeddable":true,"href":"https:\/\/tvc16.com\/portal\/wp-json\/wp\/v2\/comments?post=104034"}],"version-history":[{"count":1,"href":"https:\/\/tvc16.com\/portal\/wp-json\/wp\/v2\/posts\/104034\/revisions"}],"predecessor-version":[{"id":104036,"href":"https:\/\/tvc16.com\/portal\/wp-json\/wp\/v2\/posts\/104034\/revisions\/104036"}],"wp:featuredmedia":[{"embeddable":true,"href":"https:\/\/tvc16.com\/portal\/wp-json\/wp\/v2\/media\/104035"}],"wp:attachment":[{"href":"https:\/\/tvc16.com\/portal\/wp-json\/wp\/v2\/media?parent=104034"}],"wp:term":[{"taxonomy":"category","embeddable":true,"href":"https:\/\/tvc16.com\/portal\/wp-json\/wp\/v2\/categories?post=104034"},{"taxonomy":"post_tag","embeddable":true,"href":"https:\/\/tvc16.com\/portal\/wp-json\/wp\/v2\/tags?post=104034"}],"curies":[{"name":"wp","href":"https:\/\/api.w.org\/{rel}","templated":true}]}}