{"id":104037,"date":"2025-05-12T12:05:37","date_gmt":"2025-05-12T15:05:37","guid":{"rendered":"https:\/\/tvc16.com\/portal\/?p=104037"},"modified":"2025-05-12T12:05:38","modified_gmt":"2025-05-12T15:05:38","slug":"14-anos-de-confraria-da-poesia-informal","status":"publish","type":"post","link":"https:\/\/tvc16.com\/portal\/2025\/05\/12\/14-anos-de-confraria-da-poesia-informal\/","title":{"rendered":"14 anos de Confraria da Poesia Informal"},"content":{"rendered":"\n<p>A Confraria da Poesia Informal, para comemorar seus 14 anos de exist\u00eancia e o t\u00edtulo que est\u00e1 para chegar de Ponto de Cultura, obtido atrav\u00e9s do edital Asas da Secretaria de Cultura e Economia Criativa do Estado do Rio de Janeiro, prepara um grande evento entre os dias 16 e 31 de maio, no espa\u00e7o alternativo do Centro de Cultura Raul de Leoni, com apoio da Prefeitura de Petr\u00f3polis.<\/p>\n\n\n\n<p>O evento contar\u00e1 com exposi\u00e7\u00e3o reunindo fotos, livros, instala\u00e7\u00f5es e objetos alusivos \u00e0s atividades desenvolvidas pela Confraria neste seu per\u00edodo de resist\u00eancia independente e 11 livros publicados.<\/p>\n\n\n\n<p>No dia 16 de maio \u00e0s 18h, ser\u00e1 aberta a exposi\u00e7\u00e3o com visita guiada pela coordenadora e idealizadora do projeto, Catarina Maul.<\/p>\n\n\n\n<p>No s\u00e1bado, dia 17 de maio, v\u00e1rias atividades compor\u00e3o a grade de eventos.<\/p>\n\n\n\n<p>\u00c0s 14h, haver\u00e1 um encontro de autoras de literatura infantil da Confraria, numa conversa informal mediada pela poeta Fl\u00e1via Justen. Deste momento participar\u00e3o a pr\u00f3pria Catarina Maul, com seu novo livro Glucs- Respeitando as diferen\u00e7as, a autora Yolanda Soares, de S\u00e3o Jos\u00e9 dos Campos \/SP, em lan\u00e7amento do livro Mais uma estrela no c\u00e9u, a autora Diana Paula Andrade, autora de As aventuras do Conde- o meteorito que caiu na Floresta Amaz\u00f4nica, e Wanda Morais, do livro Amenina da Folha de Bananeira.<\/p>\n\n\n\n<p>\u00c0s 15h30, haver\u00e1 lan\u00e7amento da antologia Poesia liberta, com participa\u00e7\u00e3o de dezenas de poetas de v\u00e1rias estados, al\u00e9m de cortejo po\u00e9tico e sarau de poesia com o microfone livre.<\/p>\n\n\n\n<p>Sem d\u00favida, Petr\u00f3polis se vestir\u00e1 de poesia nesta segunda quinzena de maio, atrav\u00e9s de um movimento libert\u00e1rio e informal, mas consistente em suas propostas e transforma\u00e7\u00f5es reconhecidas por v\u00e1rios pr\u00eamios recebidos e dezenas de membros atuantes.<\/p>\n\n\n\n<p>Toda a programa\u00e7\u00e3o tem entrada franca. A Confraria tem produ\u00e7\u00e3o de Catarina Maul, da Bem Cultural Editora.<\/p>\n","protected":false},"excerpt":{"rendered":"<p>A Confraria da Poesia Informal, para comemorar seus 14 anos de exist\u00eancia e o t\u00edtulo<\/p>\n","protected":false},"author":2,"featured_media":104038,"comment_status":"open","ping_status":"open","sticky":false,"template":"","format":"standard","meta":{"footnotes":""},"categories":[12],"tags":[],"class_list":["post-104037","post","type-post","status-publish","format-standard","has-post-thumbnail","hentry","category-cidade"],"_links":{"self":[{"href":"https:\/\/tvc16.com\/portal\/wp-json\/wp\/v2\/posts\/104037","targetHints":{"allow":["GET"]}}],"collection":[{"href":"https:\/\/tvc16.com\/portal\/wp-json\/wp\/v2\/posts"}],"about":[{"href":"https:\/\/tvc16.com\/portal\/wp-json\/wp\/v2\/types\/post"}],"author":[{"embeddable":true,"href":"https:\/\/tvc16.com\/portal\/wp-json\/wp\/v2\/users\/2"}],"replies":[{"embeddable":true,"href":"https:\/\/tvc16.com\/portal\/wp-json\/wp\/v2\/comments?post=104037"}],"version-history":[{"count":1,"href":"https:\/\/tvc16.com\/portal\/wp-json\/wp\/v2\/posts\/104037\/revisions"}],"predecessor-version":[{"id":104039,"href":"https:\/\/tvc16.com\/portal\/wp-json\/wp\/v2\/posts\/104037\/revisions\/104039"}],"wp:featuredmedia":[{"embeddable":true,"href":"https:\/\/tvc16.com\/portal\/wp-json\/wp\/v2\/media\/104038"}],"wp:attachment":[{"href":"https:\/\/tvc16.com\/portal\/wp-json\/wp\/v2\/media?parent=104037"}],"wp:term":[{"taxonomy":"category","embeddable":true,"href":"https:\/\/tvc16.com\/portal\/wp-json\/wp\/v2\/categories?post=104037"},{"taxonomy":"post_tag","embeddable":true,"href":"https:\/\/tvc16.com\/portal\/wp-json\/wp\/v2\/tags?post=104037"}],"curies":[{"name":"wp","href":"https:\/\/api.w.org\/{rel}","templated":true}]}}