{"id":104040,"date":"2025-05-12T12:07:31","date_gmt":"2025-05-12T15:07:31","guid":{"rendered":"https:\/\/tvc16.com\/portal\/?p=104040"},"modified":"2025-05-12T12:07:31","modified_gmt":"2025-05-12T15:07:31","slug":"abastecimento-sera-temporariamente-interrompido-em-bairros-de-petropolis-na-proxima-terca-13","status":"publish","type":"post","link":"https:\/\/tvc16.com\/portal\/2025\/05\/12\/abastecimento-sera-temporariamente-interrompido-em-bairros-de-petropolis-na-proxima-terca-13\/","title":{"rendered":"Abastecimento ser\u00e1 temporariamente interrompido em bairros de Petr\u00f3polis na pr\u00f3xima ter\u00e7a (13)"},"content":{"rendered":"\n<p>\u00c1guas do Imperador informou que o abastecimento ser\u00e1 temporariamente interrompido nos bairros Centro, Alto da Serra, Morin, Caxambu, Itamarati, Carangola e Estrada da Saudade, na pr\u00f3xima ter\u00e7a-feira (13), a partir das 8h, para uma manuten\u00e7\u00e3o na rede de distribui\u00e7\u00e3o.<\/p>\n\n\n\n<p>A previs\u00e3o \u00e9 de que o fornecimento de \u00e1gua seja retomado gradativamente a partir das 23h do mesmo dia, hor\u00e1rio previsto para o t\u00e9rmino no trabalho e que seja completamente normalizado no decorrer da quarta-feira (14).<\/p>\n\n\n\n<p>Foto: divulga\u00e7\u00e3o <\/p>\n","protected":false},"excerpt":{"rendered":"<p>\u00c1guas do Imperador informou que o abastecimento ser\u00e1 temporariamente interrompido nos bairros Centro, Alto da<\/p>\n","protected":false},"author":2,"featured_media":104041,"comment_status":"open","ping_status":"open","sticky":false,"template":"","format":"standard","meta":{"footnotes":""},"categories":[12],"tags":[],"class_list":["post-104040","post","type-post","status-publish","format-standard","has-post-thumbnail","hentry","category-cidade"],"_links":{"self":[{"href":"https:\/\/tvc16.com\/portal\/wp-json\/wp\/v2\/posts\/104040","targetHints":{"allow":["GET"]}}],"collection":[{"href":"https:\/\/tvc16.com\/portal\/wp-json\/wp\/v2\/posts"}],"about":[{"href":"https:\/\/tvc16.com\/portal\/wp-json\/wp\/v2\/types\/post"}],"author":[{"embeddable":true,"href":"https:\/\/tvc16.com\/portal\/wp-json\/wp\/v2\/users\/2"}],"replies":[{"embeddable":true,"href":"https:\/\/tvc16.com\/portal\/wp-json\/wp\/v2\/comments?post=104040"}],"version-history":[{"count":1,"href":"https:\/\/tvc16.com\/portal\/wp-json\/wp\/v2\/posts\/104040\/revisions"}],"predecessor-version":[{"id":104042,"href":"https:\/\/tvc16.com\/portal\/wp-json\/wp\/v2\/posts\/104040\/revisions\/104042"}],"wp:featuredmedia":[{"embeddable":true,"href":"https:\/\/tvc16.com\/portal\/wp-json\/wp\/v2\/media\/104041"}],"wp:attachment":[{"href":"https:\/\/tvc16.com\/portal\/wp-json\/wp\/v2\/media?parent=104040"}],"wp:term":[{"taxonomy":"category","embeddable":true,"href":"https:\/\/tvc16.com\/portal\/wp-json\/wp\/v2\/categories?post=104040"},{"taxonomy":"post_tag","embeddable":true,"href":"https:\/\/tvc16.com\/portal\/wp-json\/wp\/v2\/tags?post=104040"}],"curies":[{"name":"wp","href":"https:\/\/api.w.org\/{rel}","templated":true}]}}